{"id":167,"date":"2019-09-30T17:07:17","date_gmt":"2019-09-30T15:07:17","guid":{"rendered":"http:\/\/allespalettiinberlin.fr\/?p=167"},"modified":"2020-05-24T00:44:17","modified_gmt":"2020-05-23T22:44:17","slug":"premiere-semaine","status":"publish","type":"post","link":"https:\/\/allespalettiinberlin.fr\/?p=167","title":{"rendered":"Premi\u00e8re semaine"},"content":{"rendered":"\n<h4 class=\"wp-block-heading\">Des rencontres, des rencontres et encore des rencontres<\/h4>\n\n\n\n<p class=\"has-drop-cap\">Je pense que l&#8217;on peut r\u00e9sumer ainsi ma premi\u00e8re semaine seule \u00e0 Berlin. Comme je l&#8217;ai d\u00e9j\u00e0 pr\u00e9cis\u00e9 dans mon <a href=\"http:\/\/allespalettiinberlin.fr\/?p=121\">pr\u00e9c\u00e9dent article<\/a>, je vis en r\u00e9sidence \u00e9tudiante, dans le b\u00e2timent des \u00e9tudiants internationaux. Ceux-ci arrivent au compte-goutte, \u00e9tant donn\u00e9 que le d\u00e9but officiel du semestre est le 1er octobre. J&#8217;ai particuli\u00e8rement sympathis\u00e9 avec un slov\u00e8ne, des britanniques et des italiens. <\/p>\n\n\n\n<p>Dans mon appartement, nous sommes trois fran\u00e7aises, une japonaise, une irlandaise et une turque. Nous avons d\u00e9j\u00e0 organis\u00e9 plusieurs sorties entre colocs dans le centre de Berlin ou au parc botanique, qui se situe \u00e0 c\u00f4t\u00e9 de notre r\u00e9sidence. Malheureusement, il semble plus difficile de sympathiser avec la japonaise, qui est tr\u00e8s timide et qui refuse souvent de nous accompagner dans nos excursions, et avec la turque, qui ne parle ni l&#8217;allemand ni l&#8217;anglais et qui nous \u00e9vite le plus possible.<\/p>\n\n\n\n<p>J&#8217;ai \u00e9galement rencontr\u00e9 plusieurs fran\u00e7ais de Sciences Po Lyon par le biais de diff\u00e9rentes soir\u00e9es. Nous avons organis\u00e9 d&#8217;autres sorties et activit\u00e9s ensembles durant la semaine, quand le temps le permettait. Nous avons notamment fait un tour dans une c\u00e9l\u00e8bre fripe, Pick&#8217;n&#8217;weight (\u00e9quivalent du KiloShop fran\u00e7ais), situ\u00e9e dans le quartier de Bergmannkiez. Nous sommes donc pass\u00e9s devant le grand a\u00e9roport, sur la Platz der Luftbr\u00fccke, qui avait servi aux Alli\u00e9s pour le pont a\u00e9rien durant le blocus de Berlin de 1948 \u00e0 1949. <\/p>\n\n\n\n<div class=\"wp-block-image\"><figure class=\"aligncenter is-resized\"><img loading=\"lazy\" decoding=\"async\" src=\"http:\/\/allespalettiinberlin.fr\/wp-content\/uploads\/2019\/09\/Platz_der_Luftbruecke_Berlin_20080424-1024x669.jpg\" alt=\"Platz der Luftbr\u00fccke\" class=\"wp-image-174\" width=\"512\" height=\"335\" srcset=\"https:\/\/allespalettiinberlin.fr\/wp-content\/uploads\/2019\/09\/Platz_der_Luftbruecke_Berlin_20080424-1024x669.jpg 1024w, https:\/\/allespalettiinberlin.fr\/wp-content\/uploads\/2019\/09\/Platz_der_Luftbruecke_Berlin_20080424-300x196.jpg 300w, https:\/\/allespalettiinberlin.fr\/wp-content\/uploads\/2019\/09\/Platz_der_Luftbruecke_Berlin_20080424-768x502.jpg 768w, https:\/\/allespalettiinberlin.fr\/wp-content\/uploads\/2019\/09\/Platz_der_Luftbruecke_Berlin_20080424-1140x745.jpg 1140w, https:\/\/allespalettiinberlin.fr\/wp-content\/uploads\/2019\/09\/Platz_der_Luftbruecke_Berlin_20080424.jpg 1920w\" sizes=\"auto, (max-width: 512px) 100vw, 512px\" \/><figcaption>Platz der Luftb\u00fccke<\/figcaption><\/figure><\/div>\n\n\n\n<h4 class=\"wp-block-heading\">Peu de sorties pour cette semaine<\/h4>\n\n\n\n<p>Tout le monde le sait d\u00e9j\u00e0, mais on ne va pas \u00e0 Berlin pour passer un s\u00e9jour sous un soleil br\u00fblant. La m\u00e9t\u00e9o \u00e9tant plut\u00f4t mauvaise &#8211; beaucoup de pluie, d&#8217;averses, de vent&#8230; &#8211; mes sorties se sont limit\u00e9es \u00e0 un petit tour dans le jardin botanique de Berlin et \u00e0 la visite du Mus\u00e9e de la photographie. L&#8217;exposition temporaire de ce dernier portait sur les nus de Mark Arbeit <em>(dont j&#8217;ai particuli\u00e8rement aim\u00e9 le travail)<\/em>, George Holz et Just Loomis. Si vous \u00eates de passage \u00e0 Berlin, je vous conseille vivement d&#8217;aller la voir*.<\/p>\n\n\n\n<figure class=\"wp-block-gallery aligncenter columns-2 wp-block-gallery-1 is-layout-flex wp-block-gallery-is-layout-flex\"><ul class=\"blocks-gallery-grid\"><li class=\"blocks-gallery-item\"><figure><img loading=\"lazy\" decoding=\"async\" width=\"534\" height=\"1024\" src=\"http:\/\/allespalettiinberlin.fr\/wp-content\/uploads\/2019\/09\/Mark-Arbeit-1-534x1024.jpg\" alt=\"\" data-id=\"176\" class=\"wp-image-176\" srcset=\"https:\/\/allespalettiinberlin.fr\/wp-content\/uploads\/2019\/09\/Mark-Arbeit-1-534x1024.jpg 534w, https:\/\/allespalettiinberlin.fr\/wp-content\/uploads\/2019\/09\/Mark-Arbeit-1-156x300.jpg 156w, https:\/\/allespalettiinberlin.fr\/wp-content\/uploads\/2019\/09\/Mark-Arbeit-1-768x1473.jpg 768w, https:\/\/allespalettiinberlin.fr\/wp-content\/uploads\/2019\/09\/Mark-Arbeit-1-1140x2187.jpg 1140w, https:\/\/allespalettiinberlin.fr\/wp-content\/uploads\/2019\/09\/Mark-Arbeit-1.jpg 1564w\" sizes=\"auto, (max-width: 534px) 100vw, 534px\" \/><figcaption class=\"blocks-gallery-item__caption\">Mark Arbeit, Photogramms #1, 2018<\/figcaption><\/figure><\/li><li class=\"blocks-gallery-item\"><figure><img loading=\"lazy\" decoding=\"async\" width=\"602\" height=\"612\" src=\"http:\/\/allespalettiinberlin.fr\/wp-content\/uploads\/2019\/09\/Mark-Arbeit-2.jpg\" alt=\"\" data-id=\"177\" data-link=\"http:\/\/allespalettiinberlin.fr\/?attachment_id=177\" class=\"wp-image-177\" srcset=\"https:\/\/allespalettiinberlin.fr\/wp-content\/uploads\/2019\/09\/Mark-Arbeit-2.jpg 602w, https:\/\/allespalettiinberlin.fr\/wp-content\/uploads\/2019\/09\/Mark-Arbeit-2-295x300.jpg 295w, https:\/\/allespalettiinberlin.fr\/wp-content\/uploads\/2019\/09\/Mark-Arbeit-2-75x75.jpg 75w\" sizes=\"auto, (max-width: 602px) 100vw, 602px\" \/><figcaption class=\"blocks-gallery-item__caption\">Mark Arbeit, Out of Focus Series<\/figcaption><\/figure><\/li><\/ul><\/figure>\n\n\n\n<p>J&#8217;ai pass\u00e9 le reste du temps au chaud et notamment \u00e0 commencer mon puzzle 1 000 pi\u00e8ces que j&#8217;ai r\u00e9cup\u00e9r\u00e9 <em>(gratuitement !)<\/em> aupr\u00e8s d&#8217;une fran\u00e7aise qui d\u00e9m\u00e9nageait de Berlin. Je me suis dit que tant qu&#8217;\u00e0 faire, si je dois rester chez moi, c&#8217;est aussi bien de m&#8217;occuper en faisant quelque chose d&#8217;original plut\u00f4t que de m&#8217;abrutir devant des s\u00e9ries <em>(bon j&#8217;avoue, j&#8217;en ai quand m\u00eame regard\u00e9)<\/em>.<\/p>\n\n\n\n<div style=\"height:42px\" aria-hidden=\"true\" class=\"wp-block-spacer\"><\/div>\n\n\n\n<h4 class=\"wp-block-heading\"> \u00c0 venir prochainement &#8230;<\/h4>\n\n\n\n<p>Cette semaine, je vais avoir un programme un peu plus charg\u00e9 avec des journ\u00e9es d&#8217;informations, notamment sur le d\u00e9roulement des cours, et une visite du campus <em>(dont je vais avoir clairement besoin pour ne pas m&#8217;y perdre, car il s&#8217;\u00e9tend sur trois stations de U-Bahn, soit six stations de m\u00e9tro parisien &#8211; je vous laisse ici un plan du campus pour le constater par vous-m\u00eame).<\/em> <\/p>\n\n\n\n<div class=\"wp-block-image\"><figure class=\"aligncenter\"><img loading=\"lazy\" decoding=\"async\" width=\"1024\" height=\"768\" src=\"http:\/\/allespalettiinberlin.fr\/wp-content\/uploads\/2019\/09\/IMG_4937-1024x768.jpg\" alt=\"\" class=\"wp-image-178\" srcset=\"https:\/\/allespalettiinberlin.fr\/wp-content\/uploads\/2019\/09\/IMG_4937-1024x768.jpg 1024w, https:\/\/allespalettiinberlin.fr\/wp-content\/uploads\/2019\/09\/IMG_4937-300x225.jpg 300w, https:\/\/allespalettiinberlin.fr\/wp-content\/uploads\/2019\/09\/IMG_4937-768x576.jpg 768w, https:\/\/allespalettiinberlin.fr\/wp-content\/uploads\/2019\/09\/IMG_4937-1140x855.jpg 1140w\" sizes=\"auto, (max-width: 1024px) 100vw, 1024px\" \/><figcaption>Plan du campus (en rouge)<\/figcaption><\/figure><\/div>\n\n\n\n<p class=\"has-small-font-size\">* L&#8217;exposition se termine le 10 novembre 2019. Helmut Newton Foundation, Museum f\u00fcr Fotografie, Jebensstrasse 2 D-10623 Berlin. Ouvert du mardi au dimanche de 11h \u00e0 19h, jusqu&#8217;\u00e0 20h le jeudi. <\/p>\n\n\n\n<figure><iframe loading=\"lazy\" src=\"https:\/\/www.google.com\/maps\/embed?pb=!1m18!1m12!1m3!1d2428.401984811268!2d13.329712515807014!3d52.50806387981193!2m3!1f0!2f0!3f0!3m2!1i1024!2i768!4f13.1!3m3!1m2!1s0x47a850fe1d592ae7%3A0xc632a8458f862c36!2sMuseum%20f%C3%BCr%20Fotografie.%20Berlin!5e0!3m2!1sfr!2sde!4v1569852884495!5m2!1sfr!2sde\" allowfullscreen=\"\" width=\"400\" height=\"300\"><\/iframe><\/figure>\n","protected":false},"excerpt":{"rendered":"<p>Je pense que l&#8217;on peut r\u00e9sumer ainsi ma premi\u00e8re semaine seule \u00e0 Berlin. Comme je l&#8217;ai d\u00e9j\u00e0 pr\u00e9cis\u00e9 dans mon pr\u00e9c\u00e9dent article, je vis en r\u00e9sidence \u00e9tudiante, dans le b\u00e2timent des \u00e9tudiants internationaux. Ceux-ci arrivent&#8230;<\/p>\n","protected":false},"author":1,"featured_media":177,"comment_status":"open","ping_status":"open","sticky":false,"template":"","format":"standard","meta":{"footnotes":""},"categories":[19,9,10],"tags":[12,21,20,17,18],"class_list":["post-167","post","type-post","status-publish","format-standard","has-post-thumbnail","hentry","category-decouverte","category-installation-a-berlin","category-visites","tag-goerzallee","tag-mark-arbeit","tag-musee-de-la-photographie","tag-rencontres","tag-visites"],"acf":[],"_links":{"self":[{"href":"https:\/\/allespalettiinberlin.fr\/index.php?rest_route=\/wp\/v2\/posts\/167","targetHints":{"allow":["GET"]}}],"collection":[{"href":"https:\/\/allespalettiinberlin.fr\/index.php?rest_route=\/wp\/v2\/posts"}],"about":[{"href":"https:\/\/allespalettiinberlin.fr\/index.php?rest_route=\/wp\/v2\/types\/post"}],"author":[{"embeddable":true,"href":"https:\/\/allespalettiinberlin.fr\/index.php?rest_route=\/wp\/v2\/users\/1"}],"replies":[{"embeddable":true,"href":"https:\/\/allespalettiinberlin.fr\/index.php?rest_route=%2Fwp%2Fv2%2Fcomments&post=167"}],"version-history":[{"count":10,"href":"https:\/\/allespalettiinberlin.fr\/index.php?rest_route=\/wp\/v2\/posts\/167\/revisions"}],"predecessor-version":[{"id":524,"href":"https:\/\/allespalettiinberlin.fr\/index.php?rest_route=\/wp\/v2\/posts\/167\/revisions\/524"}],"wp:featuredmedia":[{"embeddable":true,"href":"https:\/\/allespalettiinberlin.fr\/index.php?rest_route=\/wp\/v2\/media\/177"}],"wp:attachment":[{"href":"https:\/\/allespalettiinberlin.fr\/index.php?rest_route=%2Fwp%2Fv2%2Fmedia&parent=167"}],"wp:term":[{"taxonomy":"category","embeddable":true,"href":"https:\/\/allespalettiinberlin.fr\/index.php?rest_route=%2Fwp%2Fv2%2Fcategories&post=167"},{"taxonomy":"post_tag","embeddable":true,"href":"https:\/\/allespalettiinberlin.fr\/index.php?rest_route=%2Fwp%2Fv2%2Ftags&post=167"}],"curies":[{"name":"wp","href":"https:\/\/api.w.org\/{rel}","templated":true}]}}