{"id":185,"date":"2019-10-08T22:32:50","date_gmt":"2019-10-08T20:32:50","guid":{"rendered":"http:\/\/allespalettiinberlin.fr\/?p=185"},"modified":"2020-05-24T00:44:03","modified_gmt":"2020-05-23T22:44:03","slug":"journees-dorientation-orientierungstage","status":"publish","type":"post","link":"https:\/\/allespalettiinberlin.fr\/?p=185","title":{"rendered":"Journ\u00e9es d&#8217;orientation &#8211; Orientierungstage"},"content":{"rendered":"\n<div style=\"height:40px\" aria-hidden=\"true\" class=\"wp-block-spacer\"><\/div>\n\n\n\n<h4 class=\"wp-block-heading\">Des journ\u00e9es d&#8217;information<\/h4>\n\n\n\n<p class=\"has-drop-cap\"><strong>Mercredi 2 octobre<\/strong>, j&#8217;ai d\u00e9couvert pour la premi\u00e8re fois les b\u00e2timents de mon nouveau lieu d&#8217;\u00e9tudes. Le campus de la FU (Freie Universit\u00e4t) est si \u00e9tendu que l&#8217;on peut ais\u00e9ment s&#8217;y perdre, ce qui me change des petits b\u00e2timents de Sciences Po \u00e9parpill\u00e9s dans le quartier de Saint-Germain-des-Pr\u00e9s. Durant cette journ\u00e9e, nous avons pu en apprendre plus sur le d\u00e9roulement des cours et du semestre, et les principales associations de l&#8217;universit\u00e9 se sont pr\u00e9sent\u00e9es dans l&#8217;amphith\u00e9\u00e2tre Max Kade <em>(ave<\/em>c<em> un flash-mob m\u00e9morable \u00e0 la fin de la pr\u00e9sentation).<\/em> <\/p>\n\n\n\n<div class=\"wp-block-image\"><figure class=\"aligncenter\"><img loading=\"lazy\" decoding=\"async\" width=\"582\" height=\"467\" src=\"http:\/\/allespalettiinberlin.fr\/wp-content\/uploads\/2019\/10\/Luftaufnahme-Campus-Dahlem-Reinhard-G\u00f6rnerfu.jpg\" alt=\"\" class=\"wp-image-193\" srcset=\"https:\/\/allespalettiinberlin.fr\/wp-content\/uploads\/2019\/10\/Luftaufnahme-Campus-Dahlem-Reinhard-G\u00f6rnerfu.jpg 582w, https:\/\/allespalettiinberlin.fr\/wp-content\/uploads\/2019\/10\/Luftaufnahme-Campus-Dahlem-Reinhard-G\u00f6rnerfu-300x241.jpg 300w\" sizes=\"auto, (max-width: 582px) 100vw, 582px\" \/><figcaption><strong>Vue du ciel du campus principal (Silberlaube). Le b\u00e2timent circulaire au centre de la photo est la Philologische Bibliothek ; l&#8217;illustration de l&#8217;article est une photo de l&#8217;int\u00e9rieur de celle-ci.<br>Source : berlin.de<\/strong><\/figcaption><\/figure><\/div>\n\n\n\n<p>Petit point historique sur la <strong>Freie Universit\u00e4t<\/strong>. L&#8217;universit\u00e9 a \u00e9t\u00e9 fond\u00e9e le 4 d\u00e9cembre 1948 par des \u00e9tudiants, des chercheurs et des scientifiques, avec l&#8217;aide des forces alli\u00e9es am\u00e9ricaines et plusieurs personnalit\u00e9s politiques de Berlin. La FU a \u00e9t\u00e9 cr\u00e9\u00e9e parce que certains \u00e9tudiants de l&#8217;universit\u00e9 est-allemande Unter den Linden (aujourd&#8217;hui la Humboldt Universit\u00e4t) critiquaient le r\u00e9gime sovi\u00e9tique et y \u00e9taient donc pers\u00e9cut\u00e9s. Les fondateurs de la FU souhaitaient que l&#8217;universit\u00e9 soit un lieu o\u00f9 chacun est libre d&#8217;\u00e9tudier et de faire de la recherche, sans aucune influence politique, d&#8217;o\u00f9 le nom &#8220;universit\u00e9 libre&#8221; (frei = libre). Ses valeurs : v\u00e9rit\u00e9, justice et libert\u00e9.<\/p>\n\n\n\n<div class=\"wp-block-image\"><figure class=\"aligncenter\"><img loading=\"lazy\" decoding=\"async\" width=\"300\" height=\"300\" src=\"http:\/\/allespalettiinberlin.fr\/wp-content\/uploads\/2019\/10\/Logo-FU-300x300.png\" alt=\"\" class=\"wp-image-192\" srcset=\"https:\/\/allespalettiinberlin.fr\/wp-content\/uploads\/2019\/10\/Logo-FU-300x300.png 300w, https:\/\/allespalettiinberlin.fr\/wp-content\/uploads\/2019\/10\/Logo-FU-150x150.png 150w, https:\/\/allespalettiinberlin.fr\/wp-content\/uploads\/2019\/10\/Logo-FU-768x768.png 768w, https:\/\/allespalettiinberlin.fr\/wp-content\/uploads\/2019\/10\/Logo-FU-1024x1024.png 1024w, https:\/\/allespalettiinberlin.fr\/wp-content\/uploads\/2019\/10\/Logo-FU-1140x1140.png 1140w, https:\/\/allespalettiinberlin.fr\/wp-content\/uploads\/2019\/10\/Logo-FU-75x75.png 75w, https:\/\/allespalettiinberlin.fr\/wp-content\/uploads\/2019\/10\/Logo-FU.png 1200w\" sizes=\"auto, (max-width: 300px) 100vw, 300px\" \/><figcaption><strong>Logo de la Freie Universit\u00e4t, o\u00f9 les trois valeurs sont \u00e9crites en latin<\/strong><\/figcaption><\/figure><\/div>\n\n\n\n<p><strong>Vendredi 4 octobre<\/strong>, nous avons eu le droit au &#8220;Campus Tour&#8221; de l&#8217;universit\u00e9. Pour rendre la visite du campus faisable et pertinente, les \u00e9tudiants ont \u00e9t\u00e9 regroup\u00e9s selon leur domaine d&#8217;\u00e9tudes, et je me suis donc retrouv\u00e9e dans le cort\u00e8ge des sciences politiques (Politikwissenschaften).<em> Eh bien les amis, sur une quarantaine d&#8217;\u00e9tudiants internationaux dans ce domaine, nous \u00e9tions presque vingt fran\u00e7ais. Il faut croire que Berlin est tr\u00e8s d\u00e9paysant !<\/em><\/p>\n\n\n\n<p>Comme nous \u00e9tions trop nombreux pour visiter le campus, nous avons \u00e9t\u00e9 \u00e0 nouveau s\u00e9par\u00e9s en trois groupes. Je me suis retrouv\u00e9e dans le groupe guid\u00e9 par une jeune fille n&#8217;\u00e9tudiant pas les sciences politiques &#8211; et par cons\u00e9quent, ne connaissant pas ma facult\u00e9, l&#8217;Otto-Suhr-Institut (OSI) &#8211; et qui nous a affirm\u00e9 d\u00e8s le d\u00e9but de la visite qu&#8217;elle avait un tr\u00e8s mauvais sens de l&#8217;orientation. Autant vous dire que cette visite du campus m&#8217;a plus perdue qu&#8217;autre chose, mais c&#8217;\u00e9tait quand m\u00eame l&#8217;occasion de rencontrer mes camarades et de s&#8217;amuser \u00e0 retrouver le chemin \u00e0 l&#8217;aide de Google Maps.<\/p>\n\n\n\n<p>Petit point historique sur l&#8217;<strong>Otto-Suhr-Institut<\/strong> : l&#8217;OSI est la facult\u00e9 de sciences sociales et politiques de la FU <em>(donc l\u00e0 o\u00f9 je vais passer la plus grande partie de mon temps)<\/em>. Elle est localis\u00e9e dans des b\u00e2timents au pass\u00e9 assez controvers\u00e9 : sous l&#8217;\u00e8re nazie &#8211; donc avant l&#8217;existence de la FU &#8211; l&#8217;un des b\u00e2timents servait \u00e0 la recherche en g\u00e9n\u00e9tique afin de soutenir les th\u00e8ses eug\u00e9nistes r\u00e9pandues par le r\u00e9gime hitl\u00e9rien. C&#8217;est pour cela que l&#8217;OSI propose de nombreux cours sur le nazisme, le colonialisme et l&#8217;antis\u00e9mitisme.<\/p>\n\n\n\n<div style=\"height:60px\" aria-hidden=\"true\" class=\"wp-block-spacer\"><\/div>\n\n\n\n<h4 class=\"wp-block-heading\">Quelques escapades pour visiter Berlin<\/h4>\n\n\n\n<p>M\u00eame si l&#8217;hiver approche \u00e0 grands pas <em>&#8211; disons qu&#8217;il est m\u00eame d\u00e9j\u00e0 l\u00e0 &#8211; <\/em>j&#8217;ai tenu \u00e0 sortir pour visiter Berlin, profitant des quelques heures de soleil par-ci par-l\u00e0. <\/p>\n\n\n\n<p><strong>Le jeudi 3 octobre<\/strong>, c&#8217;est la f\u00eate nationale allemande qui c\u00e9l\u00e8bre la r\u00e9unification du pays (Fest zum Tag der Deutschen Einheit). Pour ceux qui ne le savaient pas, ils ne la f\u00eatent pas le 9 novembre &#8211; date \u00e0 laquelle le mur est tomb\u00e9 &#8211; car cette date correspond \u00e9galement \u00e0 la Nuit de Cristal (1938), o\u00f9 de violents pogroms anti-juifs ont eu lieu dans tout le pays. Plus concr\u00e8tement, la Fest zum Tag der Deutschen Einheit s&#8217;est d\u00e9roul\u00e9e sur quatre jours, du jeudi au dimanche, avec des concerts organis\u00e9s le long de la promenade derri\u00e8re la Brandenburger Tor, le tout sous un aspect un peu forain (attractions pour les enfants, food trucks&#8230;). <\/p>\n\n\n\n<div class=\"wp-block-image\"><figure class=\"aligncenter is-resized\"><img loading=\"lazy\" decoding=\"async\" src=\"http:\/\/allespalettiinberlin.fr\/wp-content\/uploads\/2019\/10\/IMG_4971-e1570565020424-933x1024.jpg\" alt=\"\" class=\"wp-image-194\" width=\"439\" height=\"481\" srcset=\"https:\/\/allespalettiinberlin.fr\/wp-content\/uploads\/2019\/10\/IMG_4971-e1570565020424-933x1024.jpg 933w, https:\/\/allespalettiinberlin.fr\/wp-content\/uploads\/2019\/10\/IMG_4971-e1570565020424-273x300.jpg 273w, https:\/\/allespalettiinberlin.fr\/wp-content\/uploads\/2019\/10\/IMG_4971-e1570565020424-768x843.jpg 768w, https:\/\/allespalettiinberlin.fr\/wp-content\/uploads\/2019\/10\/IMG_4971-e1570565020424-1140x1251.jpg 1140w, https:\/\/allespalettiinberlin.fr\/wp-content\/uploads\/2019\/10\/IMG_4971-e1570565020424.jpg 1484w\" sizes=\"auto, (max-width: 439px) 100vw, 439px\" \/><figcaption><strong>Chlo\u00e9, une de mes colocataires, et moi, devant le Reichstag durant le Tag der Deutschen Einheit (3 octobre)<\/strong><\/figcaption><\/figure><\/div>\n\n\n\n<p>J&#8217;ai pass\u00e9 le <strong>week-end<\/strong> avec mon copain, Itagiba, qui est venu me rendre visite. Je l&#8217;ai emmen\u00e9 \u00e0 la Brandenburger Tor pour qu&#8217;il puisse voir les festivit\u00e9s et nous avons \u00e9galement profit\u00e9 du beau temps de dimanche pour nous balader dans Kreuzberg et Friedrichshain, mes deux quartiers de pr\u00e9dilection.<\/p>\n\n\n\n<div class=\"wp-block-image\"><figure class=\"aligncenter is-resized\"><img loading=\"lazy\" decoding=\"async\" src=\"http:\/\/allespalettiinberlin.fr\/wp-content\/uploads\/2019\/10\/IMG_1185-1024x683.jpg\" alt=\"\" class=\"wp-image-201\" width=\"437\" height=\"290\" srcset=\"https:\/\/allespalettiinberlin.fr\/wp-content\/uploads\/2019\/10\/IMG_1185-1024x683.jpg 1024w, https:\/\/allespalettiinberlin.fr\/wp-content\/uploads\/2019\/10\/IMG_1185-300x200.jpg 300w, https:\/\/allespalettiinberlin.fr\/wp-content\/uploads\/2019\/10\/IMG_1185-768x512.jpg 768w, https:\/\/allespalettiinberlin.fr\/wp-content\/uploads\/2019\/10\/IMG_1185-1140x760.jpg 1140w\" sizes=\"auto, (max-width: 437px) 100vw, 437px\" \/><figcaption><strong>Street art \u00e0 Warschauer Strasse, Friedrichshain<\/strong><\/figcaption><\/figure><\/div>\n\n\n\n<p>Il ne me reste maintenant plus qu&#8217;une semaine de repos avant le d\u00e9but des cours !<\/p>\n","protected":false},"excerpt":{"rendered":"<p>Mercredi 2 octobre, j&#8217;ai d\u00e9couvert pour la premi\u00e8re fois les b\u00e2timents de mon nouveau lieu d&#8217;\u00e9tudes. Le campus de la FU (Freie Universit\u00e4t) est si \u00e9tendu que l&#8217;on peut ais\u00e9ment s&#8217;y perdre, ce qui me change des petits b\u00e2timents de Sciences Po&#8230;<\/p>\n","protected":false},"author":1,"featured_media":203,"comment_status":"open","ping_status":"open","sticky":false,"template":"","format":"standard","meta":{"footnotes":""},"categories":[19,22,10],"tags":[26,23,25,27,28,24],"class_list":["post-185","post","type-post","status-publish","format-standard","has-post-thumbnail","hentry","category-decouverte","category-freie-universitat","category-visites","tag-fete-nationale","tag-freie-universitaet","tag-fu","tag-osi","tag-otto-suhr-institut","tag-rentree"],"acf":[],"_links":{"self":[{"href":"https:\/\/allespalettiinberlin.fr\/index.php?rest_route=\/wp\/v2\/posts\/185","targetHints":{"allow":["GET"]}}],"collection":[{"href":"https:\/\/allespalettiinberlin.fr\/index.php?rest_route=\/wp\/v2\/posts"}],"about":[{"href":"https:\/\/allespalettiinberlin.fr\/index.php?rest_route=\/wp\/v2\/types\/post"}],"author":[{"embeddable":true,"href":"https:\/\/allespalettiinberlin.fr\/index.php?rest_route=\/wp\/v2\/users\/1"}],"replies":[{"embeddable":true,"href":"https:\/\/allespalettiinberlin.fr\/index.php?rest_route=%2Fwp%2Fv2%2Fcomments&post=185"}],"version-history":[{"count":19,"href":"https:\/\/allespalettiinberlin.fr\/index.php?rest_route=\/wp\/v2\/posts\/185\/revisions"}],"predecessor-version":[{"id":523,"href":"https:\/\/allespalettiinberlin.fr\/index.php?rest_route=\/wp\/v2\/posts\/185\/revisions\/523"}],"wp:featuredmedia":[{"embeddable":true,"href":"https:\/\/allespalettiinberlin.fr\/index.php?rest_route=\/wp\/v2\/media\/203"}],"wp:attachment":[{"href":"https:\/\/allespalettiinberlin.fr\/index.php?rest_route=%2Fwp%2Fv2%2Fmedia&parent=185"}],"wp:term":[{"taxonomy":"category","embeddable":true,"href":"https:\/\/allespalettiinberlin.fr\/index.php?rest_route=%2Fwp%2Fv2%2Fcategories&post=185"},{"taxonomy":"post_tag","embeddable":true,"href":"https:\/\/allespalettiinberlin.fr\/index.php?rest_route=%2Fwp%2Fv2%2Ftags&post=185"}],"curies":[{"name":"wp","href":"https:\/\/api.w.org\/{rel}","templated":true}]}}