{"id":234,"date":"2019-10-28T15:57:36","date_gmt":"2019-10-28T14:57:36","guid":{"rendered":"https:\/\/allespalettiinberlin.fr\/?p=234"},"modified":"2020-05-24T00:43:52","modified_gmt":"2020-05-23T22:43:52","slug":"lete-indien-a-berlin","status":"publish","type":"post","link":"https:\/\/allespalettiinberlin.fr\/?p=234","title":{"rendered":"L&#8217;\u00e9t\u00e9 indien \u00e0 Berlin"},"content":{"rendered":"\n<p><em>Je vous pr\u00e9sente mes excuses par avance pour le retard pris sur le blog, cet article \u00e9tait presque pr\u00eat il y a d\u00e9j\u00e0 deux semaines mais j&#8217;ai \u00e9t\u00e9 un peu emport\u00e9e par le rythme de la rentr\u00e9e. Je profite d&#8217;un petit moment de temps libre pour le publier !<\/em><\/p>\n\n\n\n<p class=\"has-drop-cap\">Il y a trois semaines, j&#8217;ai v\u00e9cu sous les temp\u00e9ratures les plus chaudes que j&#8217;ai pu conna\u00eetre \u00e0 Berlin <em>(m\u00eame si j&#8217;ai beaucoup appr\u00e9ci\u00e9 les 20\u00b0 et le beau soleil berlinois, \u00e7a reste une tr\u00e8s mauvaise nouvelle pour le climat)<\/em>. \u00c9tant alors encore en vacances, j&#8217;ai pu pleinement en profiter. Je me suis bien \u00e9videmment balad\u00e9e dans mes quartiers favoris, mais cette fois-ci je ne vais vous parler que des nouvelles activit\u00e9s que j&#8217;ai faite.<\/p>\n\n\n\n<h4 class=\"wp-block-heading\">Le &#8220;Bootsfahrt&#8221;<\/h4>\n\n\n\n<p>L&#8217;association d&#8217;accueil des \u00e9tudiants internationaux de la FU (Internationaler Club der FU) a organis\u00e9 un tour en bateau sur la Spree, la rivi\u00e8re qui passe par Berlin. Nous \u00e9tions \u00e0 peu pr\u00e8s deux cents \u00e9tudiants internationaux sur le bateau, je vous laisse donc imaginer le niveau d&#8217;\u00e9coute des commentaires pr\u00e9-enregistr\u00e9s <em>(il \u00e9tait \u00e9gal \u00e0 z\u00e9ro, je n&#8217;ai clairement rien retenu de ce voyage).<\/em> C&#8217;\u00e9tait surtout l&#8217;occasion de rencontrer <em>(encore)<\/em> des \u00e9tudiants en \u00e9change et de renforcer les liens avec ceux que je connaissais d\u00e9j\u00e0. <\/p>\n\n\n\n<h4 class=\"wp-block-heading\">Le Festival des Lumi\u00e8res<\/h4>\n\n\n\n<p>Ce festival est tr\u00e8s connu \u00e0 Berlin : chaque ann\u00e9e pendant une semaine en octobre, des dizaines de b\u00e2timents &#8211; connus ou non &#8211; dans Berlin sont illumin\u00e9s de 20h \u00e0 minuit. Cette ann\u00e9e, c&#8217;\u00e9tait le 15\u00e8me festival des Lumi\u00e8res et il c\u00e9l\u00e9brait les 30 ans de la chute du mur. Je suis donc all\u00e9e voir plusieurs illuminations <em>(il y en a tellement qu&#8217;il est impossible de toutes les faire en une fois)<\/em> avec mes amis internationaux : il y en avait de toutes les couleurs, le th\u00e8me principal \u00e9tant bien s\u00fbr la libert\u00e9. Je vous laisse les appr\u00e9cier par vous-m\u00eame juste en-dessous :<\/p>\n\n\n\n<figure class=\"wp-block-gallery aligncenter columns-3 is-cropped wp-block-gallery-1 is-layout-flex wp-block-gallery-is-layout-flex\"><ul class=\"blocks-gallery-grid\"><li class=\"blocks-gallery-item\"><figure><img loading=\"lazy\" decoding=\"async\" width=\"1024\" height=\"768\" src=\"https:\/\/allespalettiinberlin.fr\/wp-content\/uploads\/2019\/10\/IMG_5013-1024x768.jpg\" alt=\"\" data-id=\"239\" data-link=\"https:\/\/allespalettiinberlin.fr\/?attachment_id=239\" class=\"wp-image-239\" srcset=\"https:\/\/allespalettiinberlin.fr\/wp-content\/uploads\/2019\/10\/IMG_5013-1024x768.jpg 1024w, https:\/\/allespalettiinberlin.fr\/wp-content\/uploads\/2019\/10\/IMG_5013-300x225.jpg 300w, https:\/\/allespalettiinberlin.fr\/wp-content\/uploads\/2019\/10\/IMG_5013-768x576.jpg 768w, https:\/\/allespalettiinberlin.fr\/wp-content\/uploads\/2019\/10\/IMG_5013-1140x855.jpg 1140w\" sizes=\"auto, (max-width: 1024px) 100vw, 1024px\" \/><figcaption class=\"blocks-gallery-item__caption\">Reichstag<\/figcaption><\/figure><\/li><li class=\"blocks-gallery-item\"><figure><img loading=\"lazy\" decoding=\"async\" width=\"1024\" height=\"768\" src=\"https:\/\/allespalettiinberlin.fr\/wp-content\/uploads\/2019\/10\/IMG_5012-1024x768.jpg\" alt=\"\" data-id=\"241\" data-link=\"https:\/\/allespalettiinberlin.fr\/?attachment_id=241\" class=\"wp-image-241\" srcset=\"https:\/\/allespalettiinberlin.fr\/wp-content\/uploads\/2019\/10\/IMG_5012-1024x768.jpg 1024w, https:\/\/allespalettiinberlin.fr\/wp-content\/uploads\/2019\/10\/IMG_5012-300x225.jpg 300w, https:\/\/allespalettiinberlin.fr\/wp-content\/uploads\/2019\/10\/IMG_5012-768x576.jpg 768w, https:\/\/allespalettiinberlin.fr\/wp-content\/uploads\/2019\/10\/IMG_5012-1140x855.jpg 1140w\" sizes=\"auto, (max-width: 1024px) 100vw, 1024px\" \/><figcaption class=\"blocks-gallery-item__caption\">Reichstag<\/figcaption><\/figure><\/li><li class=\"blocks-gallery-item\"><figure><img loading=\"lazy\" decoding=\"async\" width=\"1024\" height=\"768\" src=\"https:\/\/allespalettiinberlin.fr\/wp-content\/uploads\/2019\/10\/IMG_5027-2-1024x768.jpg\" alt=\"\" data-id=\"243\" data-link=\"https:\/\/allespalettiinberlin.fr\/?attachment_id=243\" class=\"wp-image-243\" srcset=\"https:\/\/allespalettiinberlin.fr\/wp-content\/uploads\/2019\/10\/IMG_5027-2-1024x768.jpg 1024w, https:\/\/allespalettiinberlin.fr\/wp-content\/uploads\/2019\/10\/IMG_5027-2-300x225.jpg 300w, https:\/\/allespalettiinberlin.fr\/wp-content\/uploads\/2019\/10\/IMG_5027-2-768x576.jpg 768w, https:\/\/allespalettiinberlin.fr\/wp-content\/uploads\/2019\/10\/IMG_5027-2-1140x855.jpg 1140w\" sizes=\"auto, (max-width: 1024px) 100vw, 1024px\" \/><figcaption class=\"blocks-gallery-item__caption\">Brandenburger Tor<\/figcaption><\/figure><\/li><\/ul><\/figure>\n\n\n\n<figure class=\"wp-block-video aligncenter\"><video height=\"1080\" style=\"aspect-ratio: 1920 \/ 1080;\" width=\"1920\" controls src=\"https:\/\/allespalettiinberlin.fr\/wp-content\/uploads\/2019\/10\/IMG_5021.mov\"><\/video><figcaption>Prestation audiovisuelle \u00e0 la Brandenburger Tor<\/figcaption><\/figure>\n\n\n\n<h4 class=\"wp-block-heading\">Le Mauerpark<\/h4>\n\n\n\n<p>Le parc du mur est situ\u00e9 tout au Nord de Berlin, pr\u00e8s des restes de l&#8217;ancien mur s\u00e9parant la ville. Ce parc est tr\u00e8s connu pour accueillir tous les dimanche un march\u00e9 aux puces (&#8220;Flohmarkt&#8221;) \u00e9tendu sur 10 000m\u00b2. Je m&#8217;y suis rendue avec d&#8217;autres \u00e9tudiants de ma r\u00e9sidence et je me suis achet\u00e9 un petit bijou. Ce dimanche \u00e9tait assez exceptionnel : non seulement il faisait beau, mais c&#8217;\u00e9tait aussi le dernier dimanche de Karaok\u00e9 g\u00e9ant dans le parc. Durant la p\u00e9riode des beaux temps, de nombreuses prestations artistiques sont organis\u00e9es au Mauerpark : des battles de danse, des mini-concerts, des karaok\u00e9s g\u00e9ants&#8230; Vous pouvez voir ci-dessous \u00e0 quoi cela ressemble.<\/p>\n\n\n\n<figure class=\"wp-block-video aligncenter\"><video height=\"1080\" style=\"aspect-ratio: 1920 \/ 1080;\" width=\"1920\" controls src=\"https:\/\/allespalettiinberlin.fr\/wp-content\/uploads\/2019\/10\/IMG_5032.mov\"><\/video><figcaption>Karaok\u00e9 g\u00e9ant au Mauerpark<\/figcaption><\/figure>\n\n\n\n<h4 class=\"wp-block-heading\">Un seul petit probl\u00e8me \u00e0 d\u00e9clarer<\/h4>\n\n\n\n<p>Tout \u00e9tait trop beau pour que \u00e7a soit r\u00e9el : il fallait bien qu&#8217;il arrive un petit &#8220;hic&#8221; dans l&#8217;histoire. Le vendredi de cette derni\u00e8re semaine de vacances, une odeur r\u00e9pugnante commence \u00e0 se faire sentir dans la cuisine. Nous avons cherch\u00e9 son origine tout le week-end et nous en avons finalement trouv\u00e9 la source : le frigo. La colocataire japonaise avait mis plusieurs aliments au fond du frigo<em> (dont du raisin en train de pourrir, miam!),<\/em> bloquant l&#8217;\u00e9vacuation des mauvaises odeurs ! Heureusement que tout est r\u00e9gl\u00e9, cela devenait difficile de manger avec une odeur de d\u00e9composition dans la m\u00eame pi\u00e8ce. <\/p>\n\n\n\n<p>Maintenant, les cours ont commenc\u00e9, m\u00eame si j&#8217;ai pu encore d\u00e9couvrir de nouveaux lieux tr\u00e8s sympathiques. Je vous \u00e9cris rapidement un article pour vous raconter tout \u00e7a !<\/p>\n","protected":false},"excerpt":{"rendered":"<p>Je vous pr\u00e9sente mes excuses par avance pour le retard pris sur le blog, cet article \u00e9tait presque pr\u00eat il y a d\u00e9j\u00e0 deux semaines mais j&#8217;ai \u00e9t\u00e9 un peu emport\u00e9e par le rythme de la rentr\u00e9e. Je profite d&#8217;un petit moment de temps libre pour le publier ! Il y a trois semaines, j&#8217;ai v\u00e9cu sous les temp\u00e9ratures les plus chaudes que j&#8217;ai pu conna\u00eetre \u00e0 Berlin (m\u00eame si j&#8217;ai beaucoup appr\u00e9ci\u00e9 les 20\u00b0 et le beau soleil berlinois, \u00e7a reste une tr\u00e8s mauvaise nouvelle pour le climat). \u00c9tant alors encore en vacances, j&#8217;ai pu pleinement en profiter. Je me suis bien \u00e9videmment balad\u00e9e dans mes quartiers favoris, mais cette fois-ci je ne vais vous parler que des nouvelles activit\u00e9s que j&#8217;ai faite. Le &#8220;Bootsfahrt&#8221; L&#8217;association d&#8217;accueil des \u00e9tudiants internationaux de la FU (Internationaler Club der FU) a organis\u00e9 un tour en bateau sur la Spree, la rivi\u00e8re qui passe par Berlin. Nous \u00e9tions \u00e0 peu pr\u00e8s deux cents \u00e9tudiants internationaux sur le bateau, je vous laisse donc imaginer le niveau d&#8217;\u00e9coute des commentaires pr\u00e9-enregistr\u00e9s (il \u00e9tait \u00e9gal \u00e0 z\u00e9ro, je n&#8217;ai clairement rien retenu de ce voyage). C&#8217;\u00e9tait surtout l&#8217;occasion de rencontrer (encore) des \u00e9tudiants en \u00e9change et de renforcer les liens avec ceux que je connaissais d\u00e9j\u00e0. Le Festival des Lumi\u00e8res Ce festival est tr\u00e8s connu \u00e0 Berlin : chaque ann\u00e9e pendant une semaine en octobre, des dizaines de b\u00e2timents &#8211; connus ou non &#8211; dans Berlin sont illumin\u00e9s de 20h \u00e0 minuit. Cette ann\u00e9e, c&#8217;\u00e9tait le 15\u00e8me festival des Lumi\u00e8res et il c\u00e9l\u00e9brait les 30 ans de la chute du mur. Je suis donc all\u00e9e voir plusieurs illuminations (il y en a tellement qu&#8217;il est impossible de toutes les faire en une fois) avec mes amis internationaux : il y en avait de toutes les couleurs, le th\u00e8me principal \u00e9tant bien s\u00fbr la libert\u00e9. Je vous laisse les appr\u00e9cier par vous-m\u00eame juste en-dessous : Le Mauerpark Le parc du mur est situ\u00e9 tout au Nord de Berlin, pr\u00e8s des restes de l&#8217;ancien mur s\u00e9parant la ville. Ce parc est tr\u00e8s connu pour accueillir tous les dimanche un march\u00e9 aux puces (&#8220;Flohmarkt&#8221;) \u00e9tendu sur 10 000m\u00b2. Je m&#8217;y suis rendue avec d&#8217;autres \u00e9tudiants de ma r\u00e9sidence et je me suis achet\u00e9 un petit bijou. Ce dimanche \u00e9tait assez exceptionnel : non seulement il faisait beau, mais c&#8217;\u00e9tait aussi le dernier dimanche de Karaok\u00e9 g\u00e9ant dans le parc. Durant la p\u00e9riode des beaux temps, de nombreuses prestations artistiques sont organis\u00e9es au Mauerpark : des battles de danse, des mini-concerts, des karaok\u00e9s g\u00e9ants&#8230; Vous pouvez voir ci-dessous \u00e0 quoi cela ressemble. Un seul petit probl\u00e8me \u00e0 d\u00e9clarer Tout \u00e9tait trop beau pour que \u00e7a soit r\u00e9el : il fallait bien qu&#8217;il arrive un petit &#8220;hic&#8221; dans l&#8217;histoire. Le vendredi de cette derni\u00e8re semaine de vacances, une odeur r\u00e9pugnante commence \u00e0 se faire sentir dans la cuisine. Nous avons cherch\u00e9 son origine tout le week-end et nous en avons finalement trouv\u00e9 la source : le frigo. La colocataire japonaise avait mis plusieurs aliments au fond du frigo (dont du raisin en train de pourrir, miam!), bloquant l&#8217;\u00e9vacuation des mauvaises odeurs ! Heureusement que tout est r\u00e9gl\u00e9, cela devenait difficile de manger avec une odeur de d\u00e9composition dans la m\u00eame pi\u00e8ce. Maintenant, les cours ont commenc\u00e9, m\u00eame si j&#8217;ai pu encore d\u00e9couvrir de nouveaux lieux tr\u00e8s sympathiques. Je vous \u00e9cris rapidement un article pour vous raconter tout \u00e7a !<\/p>\n","protected":false},"author":1,"featured_media":239,"comment_status":"open","ping_status":"open","sticky":false,"template":"","format":"standard","meta":{"footnotes":""},"categories":[19,10],"tags":[33,38,34,31,30,29,37,32,36],"class_list":["post-234","post","type-post","status-publish","format-standard","has-post-thumbnail","hentry","category-decouverte","category-visites","tag-bateau","tag-berlin","tag-bootsfahrt","tag-festival","tag-festival-des-lumieres","tag-festival-of-lights","tag-karaoke","tag-lumiere","tag-mauerpark"],"acf":[],"_links":{"self":[{"href":"https:\/\/allespalettiinberlin.fr\/index.php?rest_route=\/wp\/v2\/posts\/234","targetHints":{"allow":["GET"]}}],"collection":[{"href":"https:\/\/allespalettiinberlin.fr\/index.php?rest_route=\/wp\/v2\/posts"}],"about":[{"href":"https:\/\/allespalettiinberlin.fr\/index.php?rest_route=\/wp\/v2\/types\/post"}],"author":[{"embeddable":true,"href":"https:\/\/allespalettiinberlin.fr\/index.php?rest_route=\/wp\/v2\/users\/1"}],"replies":[{"embeddable":true,"href":"https:\/\/allespalettiinberlin.fr\/index.php?rest_route=%2Fwp%2Fv2%2Fcomments&post=234"}],"version-history":[{"count":5,"href":"https:\/\/allespalettiinberlin.fr\/index.php?rest_route=\/wp\/v2\/posts\/234\/revisions"}],"predecessor-version":[{"id":522,"href":"https:\/\/allespalettiinberlin.fr\/index.php?rest_route=\/wp\/v2\/posts\/234\/revisions\/522"}],"wp:featuredmedia":[{"embeddable":true,"href":"https:\/\/allespalettiinberlin.fr\/index.php?rest_route=\/wp\/v2\/media\/239"}],"wp:attachment":[{"href":"https:\/\/allespalettiinberlin.fr\/index.php?rest_route=%2Fwp%2Fv2%2Fmedia&parent=234"}],"wp:term":[{"taxonomy":"category","embeddable":true,"href":"https:\/\/allespalettiinberlin.fr\/index.php?rest_route=%2Fwp%2Fv2%2Fcategories&post=234"},{"taxonomy":"post_tag","embeddable":true,"href":"https:\/\/allespalettiinberlin.fr\/index.php?rest_route=%2Fwp%2Fv2%2Ftags&post=234"}],"curies":[{"name":"wp","href":"https:\/\/api.w.org\/{rel}","templated":true}]}}