{"id":247,"date":"2019-11-04T12:30:33","date_gmt":"2019-11-04T11:30:33","guid":{"rendered":"https:\/\/allespalettiinberlin.fr\/?p=247"},"modified":"2020-05-24T00:43:29","modified_gmt":"2020-05-23T22:43:29","slug":"cest-la-rentree","status":"publish","type":"post","link":"https:\/\/allespalettiinberlin.fr\/?p=247","title":{"rendered":"C&#8217;est la rentr\u00e9e !"},"content":{"rendered":"\n<p>J&#8217;ai <em>(enfin)<\/em> eu mes premiers cours la semaine du 14 octobre 2019. J&#8217;ai pu d\u00e9couvrir toutes mes nouvelles mati\u00e8res, mes nouveaux professeurs, mes camarades et, plus globalement, le syst\u00e8me universitaire allemand. R\u00e9cit de ces trois premi\u00e8res semaines \u00e0 la Freie Universit\u00e4t.<\/p>\n\n\n\n<h4 class=\"wp-block-heading\">Mes choix de cours<\/h4>\n\n\n\n<p>Le syst\u00e8me universitaire allemand est, selon moi, bien mieux pens\u00e9 que le syst\u00e8me fran\u00e7ais (du moins, par rapport \u00e0 celui de Sciences Po). L&#8217;inscription aux cours se fait sur un mois, du 1er au 31 octobre, except\u00e9 pour les cours s\u00e9lectifs, dont l&#8217;inscription est limit\u00e9e \u00e0 deux semaines. Quoiqu&#8217;il en soit, nous avons le temps de tester les cours pendant au moins deux semaines avant de faire un choix d\u00e9finitif alors qu&#8217;\u00e0 Sciences Po, il faut choisir ses cours trois mois \u00e0 l&#8217;avance sans en conna\u00eetre r\u00e9ellement le contenu <em>(on peut essayer de changer au bout d&#8217;une semaine mais cela reste beaucoup plus compliqu\u00e9 qu&#8217;ici).<\/em><\/p>\n\n\n\n<p>J&#8217;ai donc choisi des cours qui correspondent \u00e0 mes centres d&#8217;int\u00e9r\u00eat actuels : le populisme et la s\u00e9curit\u00e9 internationale. L&#8217;un de mes cours est sur les agences de renseignement dans les relations internationales <em>(cours en anglais)<\/em>, et je suis aux anges : ce cours me correspond tout \u00e0 fait et me confirme que ma voie est dans ce domaine. J&#8217;ai ensuite deux cours sur le populisme : l&#8217;un est en allemand, avec une vision plut\u00f4t large du populisme, l&#8217;autre est en anglais et est centr\u00e9 sur la diff\u00e9rence entre les populismes du Nord et du Sud <em>(Est-ce qu&#8217;on peut consid\u00e9rer que Bolsonairo est populiste ? Est-ce que le populisme du Sud est le m\u00eame que celui du Nord ? Peut-on m\u00eame parler de populisme dans les r\u00e9gimes africains ?).<\/em> Ce deuxi\u00e8me cours me permet d&#8217;avoir une vision plus internationale du populisme, en lisant notamment des auteurs qui viennent de pays du Sud, afin d&#8217;\u00e9viter d&#8217;avoir une vision trop ethnocentr\u00e9e.  <\/p>\n\n\n\n<p>J&#8217;ai \u00e9galement pris un cours &#8220;Erasmus&#8221;, c&#8217;est-\u00e0-dire un cours r\u00e9serv\u00e9 aux \u00e9tudiants en \u00e9change. Ce sont majoritairement des cours culturels sur l&#8217;Allemagne et\/ou sur Berlin qui sont propos\u00e9s. J&#8217;ai choisi celui sur les films \u00e0 Berlin afin d&#8217;\u00e9largir un peu mes connaissances cin\u00e9matographiques allemandes. Chaque semaine, nous devons regarder et analyser un film chez nous, puis en discuter tous ensembles en cours. <\/p>\n\n\n\n<p>Enfin, j&#8217;ai \u00e9galement pris des cours de langues : allemand, \u00e9videmment, et portugais, langue que j&#8217;avais l&#8217;intention de commencer depuis un petit moment. J&#8217;ai donc 6h de portugais <em>(oui, c&#8217;est tr\u00e8s intensif)<\/em> et 4h d&#8217;allemand par semaine. Mon cours d&#8217;allemand est port\u00e9 sur une th\u00e9matique sp\u00e9cifique : les diff\u00e9rents visages de Berlin. Par cons\u00e9quent, nos devoirs peuvent aller d&#8217;une simple fiche de grammaire \u00e0 une excursion en petits groupes dans certains endroits de Berlin pour nous faire d\u00e9couvrir la ville et interviewer des personnes sur place. Avec mon groupe, nous sommes all\u00e9s \u00e0 Holzmarkt, un &#8220;village&#8221; alternatif au c\u0153ur de Berlin. Je vous en ferai part dans un prochain article. <\/p>\n\n\n\n<h4 class=\"wp-block-heading\">Mais le syst\u00e8me allemand, \u00e7a marche comment ?<\/h4>\n\n\n\n<p>Le d\u00e9roulement des cours, quels qu&#8217;ils soient, est relativement diff\u00e9rent de notre syst\u00e8me fran\u00e7ais. Durant les cours de TD, le professeur lance quelques questions, anime le d\u00e9bat et apporte parfois quelques connaissances techniques n\u00e9cessaires \u00e0 la compr\u00e9hension du texte ou des notions abord\u00e9es en cours. Mais son r\u00f4le s&#8217;arr\u00eate ici, c&#8217;est majoritairement l&#8217;\u00e9l\u00e8ve qui doit s&#8217;exprimer en cours. Par exemple, dans mon cours sur les agences de renseignement, nous avons toujours environ un heure d&#8217;exercices o\u00f9 les \u00e9l\u00e8ves se rassemblent en petits groupes et discutent du texte \u00e0 travers un angle demand\u00e9 par la professeure, puis ils font un r\u00e9capitulatif de leurs id\u00e9es devant le reste de la classe. Dans mes cours sur le populisme, les professeurs interviennent rarement et il s&#8217;agit majoritairement d&#8217;une discussion autour du texte pendant une heure et demie. <\/p>\n\n\n\n<p>De m\u00eame, les cours de langue sont aussi radicalement diff\u00e9rents <em>(peut-\u00eatre un peu moins diff\u00e9rents de ceux de Sciences Po)<\/em> : l&#8217;expression orale est au c\u0153ur du cours, car l&#8217;objectif est de s&#8217;exprimer le plus possible. J&#8217;ai \u00e9t\u00e9 impressionn\u00e9e de voir les progr\u00e8s que je fais en portugais gr\u00e2ce \u00e0 cette p\u00e9dagogie.<\/p>\n\n\n\n<p>Enfin, le syst\u00e8me des cr\u00e9dits ECTS allemand est assez unique en son genre. On peut choisir d&#8217;obtenir 3 ou 7 cr\u00e9dits, selon la dose de travail que l&#8217;on est pr\u00eat \u00e0 supporter pour chaque cours. Ainsi, si je souhaite avoir uniquement 3 cr\u00e9dits (Teilnahmeschein), je dois \u00eatre pr\u00e9sente aux cours, participer, et faire un expos\u00e9 ou rendre des petits devoirs \u00e9crits plusieurs fois dans le semestre. Pour avoir 7 cr\u00e9dits (Leistungsschein), je dois r\u00e9aliser les pr\u00e9requis du Teilnahmeschein et faire un essai de 4000 \u00e0 4500 mots pour la fin du semestre. Pour tous mes cours de science politique, j&#8217;ai choisi le Leistungsschein. Mes autres cours \u00e9tant diff\u00e9rents (cours Erasmus ou cours de langue), ils se terminent par un Klausur, c&#8217;est-\u00e0-dire un partiel. <\/p>\n\n\n\n<h4 class=\"wp-block-heading\">Et le sport alors ?<\/h4>\n\n\n\n<p>Je n&#8217;ai bien s\u00fbr pas oubli\u00e9 le sport, qui, comme la plupart d&#8217;entre vous le savez d\u00e9j\u00e0, est un peu essentiel dans ma vie <em>(&#8220;Camille ne s&#8217;arr\u00eate jamais&#8221;).<\/em> J&#8217;ai donc pris deux cours de sport \u00e0 la FU, un de yoga et un de danse classique. Les deux durent 1h30 et ont le lieu le mercredi <em>(autant vous dire que je ressemble \u00e0 un zombie en rentrant chez moi le mercredi soir)<\/em>. Je recherche encore une \u00e9cole de danse pour pouvoir davantage pratiquer : il en existe beaucoup \u00e0 Berlin mais elles sont loin ou les horaires ne correspondent pas&#8230; Sinon, je compte continuer l&#8217;escalade en blocs car il y a plusieurs salles proches de chez moi. Et puis, avec les 15 min de v\u00e9lo matin et soir pour aller et revenir de l&#8217;universit\u00e9, je reste en bonne sant\u00e9 !<\/p>\n\n\n\n<hr class=\"wp-block-separator\"\/>\n\n\n\n<p>Voil\u00e0 voil\u00e0, vous connaissez tout de ma vie \u00e9tudiante maintenant. Sachez que cette semaine (4 au 10 novembre) est tr\u00e8s importante \u00e0 Berlin car nous c\u00e9l\u00e9brons les 30 ans de la chute du mur (Mauerfall) ! Plein d&#8217;expositions, d&#8217;\u00e9v\u00e9nements culturels et festifs sont organis\u00e9s cette semaine et pendant le reste du mois de novembre. Je vous ferai un petit debrief quand j&#8217;en aurais le temps !<\/p>\n","protected":false},"excerpt":{"rendered":"<p>J&#8217;ai (enfin) eu mes premiers cours la semaine du 14 octobre 2019. J&#8217;ai pu d\u00e9couvrir toutes mes nouvelles mati\u00e8res, mes nouveaux professeurs, mes camarades et, plus globalement, le syst\u00e8me universitaire allemand. R\u00e9cit de ces trois premi\u00e8res semaines \u00e0 la Freie Universit\u00e4t. Mes choix de cours Le syst\u00e8me universitaire allemand est, selon moi, bien mieux pens\u00e9 que le syst\u00e8me fran\u00e7ais (du moins, par rapport \u00e0 celui de Sciences Po). L&#8217;inscription aux cours se fait sur un mois, du 1er au 31 octobre, except\u00e9 pour les cours s\u00e9lectifs, dont l&#8217;inscription est limit\u00e9e \u00e0 deux semaines. Quoiqu&#8217;il en soit, nous avons le temps de tester les cours pendant au moins deux semaines avant de faire un choix d\u00e9finitif alors qu&#8217;\u00e0 Sciences Po, il faut choisir ses cours trois mois \u00e0 l&#8217;avance sans en conna\u00eetre r\u00e9ellement le contenu (on peut essayer de changer au bout d&#8217;une semaine mais cela reste beaucoup plus compliqu\u00e9 qu&#8217;ici). J&#8217;ai donc choisi des cours qui correspondent \u00e0 mes centres d&#8217;int\u00e9r\u00eat actuels : le populisme et la s\u00e9curit\u00e9 internationale. L&#8217;un de mes cours est sur les agences de renseignement dans les relations internationales (cours en anglais), et je suis aux anges : ce cours me correspond tout \u00e0 fait et me confirme que ma voie est dans ce domaine. J&#8217;ai ensuite deux cours sur le populisme : l&#8217;un est en allemand, avec une vision plut\u00f4t large du populisme, l&#8217;autre est en anglais et est centr\u00e9 sur la diff\u00e9rence entre les populismes du Nord et du Sud (Est-ce qu&#8217;on peut consid\u00e9rer que Bolsonairo est populiste ? Est-ce que le populisme du Sud est le m\u00eame que celui du Nord ? Peut-on m\u00eame parler de populisme dans les r\u00e9gimes africains ?). Ce deuxi\u00e8me cours me permet d&#8217;avoir une vision plus internationale du populisme, en lisant notamment des auteurs qui viennent de pays du Sud, afin d&#8217;\u00e9viter d&#8217;avoir une vision trop ethnocentr\u00e9e. J&#8217;ai \u00e9galement pris un cours &#8220;Erasmus&#8221;, c&#8217;est-\u00e0-dire un cours r\u00e9serv\u00e9 aux \u00e9tudiants en \u00e9change. Ce sont majoritairement des cours culturels sur l&#8217;Allemagne et\/ou sur Berlin qui sont propos\u00e9s. J&#8217;ai choisi celui sur les films \u00e0 Berlin afin d&#8217;\u00e9largir un peu mes connaissances cin\u00e9matographiques allemandes. Chaque semaine, nous devons regarder et analyser un film chez nous, puis en discuter tous ensembles en cours. Enfin, j&#8217;ai \u00e9galement pris des cours de langues : allemand, \u00e9videmment, et portugais, langue que j&#8217;avais l&#8217;intention de commencer depuis un petit moment. J&#8217;ai donc 6h de portugais (oui, c&#8217;est tr\u00e8s intensif) et 4h d&#8217;allemand par semaine. Mon cours d&#8217;allemand est port\u00e9 sur une th\u00e9matique sp\u00e9cifique : les diff\u00e9rents visages de Berlin. Par cons\u00e9quent, nos devoirs peuvent aller d&#8217;une simple fiche de grammaire \u00e0 une excursion en petits groupes dans certains endroits de Berlin pour nous faire d\u00e9couvrir la ville et interviewer des personnes sur place. Avec mon groupe, nous sommes all\u00e9s \u00e0 Holzmarkt, un &#8220;village&#8221; alternatif au c\u0153ur de Berlin. Je vous en ferai part dans un prochain article. Mais le syst\u00e8me allemand, \u00e7a marche comment ? Le d\u00e9roulement des cours, quels qu&#8217;ils soient, est relativement diff\u00e9rent de notre syst\u00e8me fran\u00e7ais. Durant les cours de TD, le professeur lance quelques questions, anime le d\u00e9bat et apporte parfois quelques connaissances techniques n\u00e9cessaires \u00e0 la compr\u00e9hension du texte ou des notions abord\u00e9es en cours. Mais son r\u00f4le s&#8217;arr\u00eate ici, c&#8217;est majoritairement l&#8217;\u00e9l\u00e8ve qui doit s&#8217;exprimer en cours. Par exemple, dans mon cours sur les agences de renseignement, nous avons toujours environ un heure d&#8217;exercices o\u00f9 les \u00e9l\u00e8ves se rassemblent en petits groupes et discutent du texte \u00e0 travers un angle demand\u00e9 par la professeure, puis ils font un r\u00e9capitulatif de leurs id\u00e9es devant le reste de la classe. Dans mes cours sur le populisme, les professeurs interviennent rarement et il s&#8217;agit majoritairement d&#8217;une discussion autour du texte pendant une heure et demie. De m\u00eame, les cours de langue sont aussi radicalement diff\u00e9rents (peut-\u00eatre un peu moins diff\u00e9rents de ceux de Sciences Po) : l&#8217;expression orale est au c\u0153ur du cours, car l&#8217;objectif est de s&#8217;exprimer le plus possible. J&#8217;ai \u00e9t\u00e9 impressionn\u00e9e de voir les progr\u00e8s que je fais en portugais gr\u00e2ce \u00e0 cette p\u00e9dagogie. Enfin, le syst\u00e8me des cr\u00e9dits ECTS allemand est assez unique en son genre. On peut choisir d&#8217;obtenir 3 ou 7 cr\u00e9dits, selon la dose de travail que l&#8217;on est pr\u00eat \u00e0 supporter pour chaque cours. Ainsi, si je souhaite avoir uniquement 3 cr\u00e9dits (Teilnahmeschein), je dois \u00eatre pr\u00e9sente aux cours, participer, et faire un expos\u00e9 ou rendre des petits devoirs \u00e9crits plusieurs fois dans le semestre. Pour avoir 7 cr\u00e9dits (Leistungsschein), je dois r\u00e9aliser les pr\u00e9requis du Teilnahmeschein et faire un essai de 4000 \u00e0 4500 mots pour la fin du semestre. Pour tous mes cours de science politique, j&#8217;ai choisi le Leistungsschein. Mes autres cours \u00e9tant diff\u00e9rents (cours Erasmus ou cours de langue), ils se terminent par un Klausur, c&#8217;est-\u00e0-dire un partiel. Et le sport alors ? Je n&#8217;ai bien s\u00fbr pas oubli\u00e9 le sport, qui, comme la plupart d&#8217;entre vous le savez d\u00e9j\u00e0, est un peu essentiel dans ma vie (&#8220;Camille ne s&#8217;arr\u00eate jamais&#8221;). J&#8217;ai donc pris deux cours de sport \u00e0 la FU, un de yoga et un de danse classique. Les deux durent 1h30 et ont le lieu le mercredi (autant vous dire que je ressemble \u00e0 un zombie en rentrant chez moi le mercredi soir). Je recherche encore une \u00e9cole de danse pour pouvoir davantage pratiquer : il en existe beaucoup \u00e0 Berlin mais elles sont loin ou les horaires ne correspondent pas&#8230; Sinon, je compte continuer l&#8217;escalade en blocs car il y a plusieurs salles proches de chez moi. Et puis, avec les 15 min de v\u00e9lo matin et soir pour aller et revenir de l&#8217;universit\u00e9, je reste en bonne sant\u00e9 ! Voil\u00e0 voil\u00e0, vous connaissez tout de ma vie \u00e9tudiante maintenant. Sachez que cette semaine (4 au 10 novembre) est tr\u00e8s importante \u00e0 Berlin car nous c\u00e9l\u00e9brons les 30 ans de la chute du mur (Mauerfall) ! Plein d&#8217;expositions, d&#8217;\u00e9v\u00e9nements culturels et festifs sont organis\u00e9s cette semaine et pendant le reste du mois de novembre. Je vous ferai un petit debrief quand j&#8217;en aurais le temps !<\/p>\n","protected":false},"author":1,"featured_media":192,"comment_status":"open","ping_status":"open","sticky":false,"template":"","format":"standard","meta":{"footnotes":""},"categories":[22],"tags":[43,39,40,46,41,23,42,24,47,45],"class_list":["post-247","post","type-post","status-publish","format-standard","has-post-thumbnail","hentry","category-freie-universitat","tag-agences-de-renseignement","tag-classe","tag-cours","tag-credits","tag-erasmus","tag-freie-universitaet","tag-populisme","tag-rentree","tag-sport","tag-systeme-allemand"],"acf":[],"_links":{"self":[{"href":"https:\/\/allespalettiinberlin.fr\/index.php?rest_route=\/wp\/v2\/posts\/247","targetHints":{"allow":["GET"]}}],"collection":[{"href":"https:\/\/allespalettiinberlin.fr\/index.php?rest_route=\/wp\/v2\/posts"}],"about":[{"href":"https:\/\/allespalettiinberlin.fr\/index.php?rest_route=\/wp\/v2\/types\/post"}],"author":[{"embeddable":true,"href":"https:\/\/allespalettiinberlin.fr\/index.php?rest_route=\/wp\/v2\/users\/1"}],"replies":[{"embeddable":true,"href":"https:\/\/allespalettiinberlin.fr\/index.php?rest_route=%2Fwp%2Fv2%2Fcomments&post=247"}],"version-history":[{"count":2,"href":"https:\/\/allespalettiinberlin.fr\/index.php?rest_route=\/wp\/v2\/posts\/247\/revisions"}],"predecessor-version":[{"id":249,"href":"https:\/\/allespalettiinberlin.fr\/index.php?rest_route=\/wp\/v2\/posts\/247\/revisions\/249"}],"wp:featuredmedia":[{"embeddable":true,"href":"https:\/\/allespalettiinberlin.fr\/index.php?rest_route=\/wp\/v2\/media\/192"}],"wp:attachment":[{"href":"https:\/\/allespalettiinberlin.fr\/index.php?rest_route=%2Fwp%2Fv2%2Fmedia&parent=247"}],"wp:term":[{"taxonomy":"category","embeddable":true,"href":"https:\/\/allespalettiinberlin.fr\/index.php?rest_route=%2Fwp%2Fv2%2Fcategories&post=247"},{"taxonomy":"post_tag","embeddable":true,"href":"https:\/\/allespalettiinberlin.fr\/index.php?rest_route=%2Fwp%2Fv2%2Ftags&post=247"}],"curies":[{"name":"wp","href":"https:\/\/api.w.org\/{rel}","templated":true}]}}