{"id":252,"date":"2019-11-21T19:25:22","date_gmt":"2019-11-21T18:25:22","guid":{"rendered":"https:\/\/allespalettiinberlin.fr\/?p=252"},"modified":"2020-05-24T00:43:15","modified_gmt":"2020-05-23T22:43:15","slug":"les-30-ans-de-la-chute-du-mur","status":"publish","type":"post","link":"https:\/\/allespalettiinberlin.fr\/?p=252","title":{"rendered":"Les 30 ans de la chute du mur"},"content":{"rendered":"\n<p>Tr\u00e8s m\u00e9diatis\u00e9 en France <em>(j&#8217;ai de nouveau regard\u00e9 les cha\u00eenes fran\u00e7aises pour l&#8217;occasion)<\/em>, le trenti\u00e8me anniversaire de la chute du mur de Berlin s&#8217;est fait plus discret en Allemagne, m\u00eame s&#8217;il a \u00e9t\u00e9 (et l&#8217;est encore) largement c\u00e9l\u00e9br\u00e9. <\/p>\n\n\n\n<h4 class=\"wp-block-heading\">Petite remise en contexte <em>(si les vingtaines de documentaires \u00e0 la t\u00e9l\u00e9vision n&#8217;ont pas suffi)<\/em><\/h4>\n\n\n\n<p>Le mur de Berlin a \u00e9t\u00e9 construit \u00e0 l&#8217;initiative de l&#8217;URSS la nuit du 12 au 13 ao\u00fbt 1961 pour s\u00e9parer la RDA de la RFA. Ce mur est rest\u00e9 l\u00e0 jusqu&#8217;\u00e0 la nuit du 9 novembre 1989 : dans la soir\u00e9e, le porte-parole du SED (Sozialistische Einheitspartei Deutschlands &#8211; Parti socialiste unifi\u00e9 d&#8217;Allemagne) G\u00fcnter Schabowski est en conf\u00e9rence de presse et annonce aux journalistes que les voyages vers l&#8217;\u00e9tranger ne sont plus conditionn\u00e9s \u00e0 des motifs particuliers (famille, travail&#8230;). Il faut savoir qu&#8217;\u00e0 ce moment-l\u00e0, beaucoup d&#8217;Allemands de l&#8217;Est avaient d\u00e9j\u00e0 quitt\u00e9s la RDA par le biais de la Hongrie, qui avait ouvert sa fronti\u00e8re avec l&#8217;Autriche durant l&#8217;\u00e9t\u00e9 de la m\u00eame ann\u00e9e. Suite aux d\u00e9clarations de Schabowski, des milliers de berlinois de l&#8217;Est se ruent vers les checkpoints et demandent \u00e0 passer de l&#8217;autre c\u00f4t\u00e9. Les autorit\u00e9s sur place finissent par les laisser faire en apprenant l&#8217;annonce de Schabowski, alors m\u00eame qu&#8217;ils n&#8217;avaient re\u00e7u aucun ordre officiel de le faire. Le mur est ainsi tomb\u00e9.<\/p>\n\n\n\n<p>La r\u00e9unification allemande s&#8217;est achev\u00e9e un an plus tard, le 3 octobre 1990 (<a href=\"https:\/\/allespalettiinberlin.fr\/?p=185\">jour de l&#8217;unit\u00e9 allemande<\/a>). Cependant, trente ans apr\u00e8s la chute du mur, des in\u00e9galit\u00e9s tr\u00e8s fortes persistent entre l&#8217;Est et l&#8217;Ouest de l&#8217;Allemagne : dans les territoires de la ex-RDA, les fonctionnaires sont par exemple pay\u00e9s 15 % de moins que ceux de l&#8217;Ouest (chiffres de <a href=\"https:\/\/www.francetvinfo.fr\/monde\/europe\/cartes-revenus-chomage-demographie-en-allemagne-les-inegalites-perdurent-entre-l-ouest-et-l-est_3633087.html\">Franceinfo<\/a>) et 57 % des allemands de l&#8217;Est ont l&#8217;impression d&#8217;\u00eatre des citoyens de seconde zone (chiffres du <a href=\"https:\/\/www.pnn.de\/potsdam\/katarina-witt-im-interview-wir-ostdeutschen-werden-einfach-wegignoriert\/25157250.html\">Taggespiel<\/a>). C&#8217;est pour cette raison que la promotion de l&#8217;anniversaire de la chute du mur s&#8217;est faite bien plus discr\u00e8te en Allemagne : le but \u00e9tait d&#8217;\u00e9viter d&#8217;attiser les tensions sur ce sujet.  <\/p>\n\n\n\n<h4 class=\"wp-block-heading\">Concr\u00e8tement, qu&#8217;est-ce qui a \u00e9t\u00e9 organis\u00e9 pour l&#8217;occasion ?<\/h4>\n\n\n\n<p>Comme d&#8217;habitude, l\u2019incommensurable offre culturelle de Berlin \u00e9tait au rendez-vous. La semaine du 4 au 10 novembre a \u00e9t\u00e9 ponctu\u00e9e par des illuminations dans des lieux symboliques comme \u00e0 Alexanderplatz, \u00e0 l&#8217;East Side Gallery et bien s\u00fbr \u00e0 la Brandenburger Tor. Cette derni\u00e8re \u00e9tait au c\u0153ur des festivit\u00e9s du 9 novembre puisqu&#8217;un concert y a \u00e9t\u00e9 organis\u00e9 dans la soir\u00e9e et que les femmes et hommes politiques allemands y ont prononc\u00e9 plusieurs discours. J&#8217;y suis all\u00e9e mais j&#8217;\u00e9tais malheureusement trop loin pour appr\u00e9cier le spectacle <em>(il y avait une foule \u00e9norme, avec notamment beaucoup trop de fran\u00e7ais)<\/em> et je suis donc all\u00e9e me balader dans le reste de la ville avec des amis. J&#8217;ai \u00e9galement visit\u00e9 l&#8217;exposition gratuite sur l&#8217;est de Berlin \u00e0 l&#8217;Ephraim-Palast, qui se terminait cette m\u00eame semaine. D&#8217;autres expositions et \u00e9v\u00e9nements comm\u00e9morant la chute du mur ont lieu jusqu&#8217;\u00e0 la fin d\u00e9cembre. Je vous laisse appr\u00e9cier tout \u00e7a en photos et vid\u00e9o :<\/p>\n\n\n\n<figure class=\"wp-block-video aligncenter\"><video height=\"1080\" style=\"aspect-ratio: 1920 \/ 1080;\" width=\"1920\" controls muted src=\"https:\/\/allespalettiinberlin.fr\/wp-content\/uploads\/2019\/11\/IMG_5140.TRIM_-2.mov\"><\/video><figcaption>Installation artistique &#8220;Visions in Motion&#8221; derri\u00e8re la Brandenburger Tor dans le Tiergarten<\/figcaption><\/figure>\n\n\n\n<figure class=\"wp-block-gallery aligncenter columns-2 is-cropped wp-block-gallery-1 is-layout-flex wp-block-gallery-is-layout-flex\"><ul class=\"blocks-gallery-grid\"><li class=\"blocks-gallery-item\"><figure><img loading=\"lazy\" decoding=\"async\" width=\"1024\" height=\"683\" src=\"https:\/\/allespalettiinberlin.fr\/wp-content\/uploads\/2019\/11\/IMG_1199-1024x683.jpg\" alt=\"\" data-id=\"263\" data-link=\"https:\/\/allespalettiinberlin.fr\/?attachment_id=263\" class=\"wp-image-263\" srcset=\"https:\/\/allespalettiinberlin.fr\/wp-content\/uploads\/2019\/11\/IMG_1199-1024x683.jpg 1024w, https:\/\/allespalettiinberlin.fr\/wp-content\/uploads\/2019\/11\/IMG_1199-300x200.jpg 300w, https:\/\/allespalettiinberlin.fr\/wp-content\/uploads\/2019\/11\/IMG_1199-768x512.jpg 768w, https:\/\/allespalettiinberlin.fr\/wp-content\/uploads\/2019\/11\/IMG_1199-1140x760.jpg 1140w\" sizes=\"auto, (max-width: 1024px) 100vw, 1024px\" \/><figcaption class=\"blocks-gallery-item__caption\">Alexanderplatz<\/figcaption><\/figure><\/li><li class=\"blocks-gallery-item\"><figure><img loading=\"lazy\" decoding=\"async\" width=\"1024\" height=\"577\" src=\"https:\/\/allespalettiinberlin.fr\/wp-content\/uploads\/2019\/11\/2B58EC88-8062-42A0-8745-0FF336A78710-1024x577.jpg\" alt=\"\" data-id=\"266\" data-link=\"https:\/\/allespalettiinberlin.fr\/?attachment_id=266\" class=\"wp-image-266\" srcset=\"https:\/\/allespalettiinberlin.fr\/wp-content\/uploads\/2019\/11\/2B58EC88-8062-42A0-8745-0FF336A78710-1024x577.jpg 1024w, https:\/\/allespalettiinberlin.fr\/wp-content\/uploads\/2019\/11\/2B58EC88-8062-42A0-8745-0FF336A78710-300x169.jpg 300w, https:\/\/allespalettiinberlin.fr\/wp-content\/uploads\/2019\/11\/2B58EC88-8062-42A0-8745-0FF336A78710-768x433.jpg 768w, https:\/\/allespalettiinberlin.fr\/wp-content\/uploads\/2019\/11\/2B58EC88-8062-42A0-8745-0FF336A78710-1140x642.jpg 1140w\" sizes=\"auto, (max-width: 1024px) 100vw, 1024px\" \/><figcaption class=\"blocks-gallery-item__caption\">Brandenburger Tor<\/figcaption><\/figure><\/li><\/ul><\/figure>\n\n\n\n<hr class=\"wp-block-separator is-style-wide\"\/>\n\n\n\n<p>Pour terminer, je me suis dit qu&#8217;il serait int\u00e9ressant de vous partager mes d\u00e9couvertes musicales <em>(qui se font notamment gr\u00e2ce \u00e0 mon g\u00e9nialissime professeur d&#8217;allemand)<\/em>. Voici donc une chanson dr\u00f4le <em>(quand on comprend les paroles)<\/em> sur le m\u00e9tro berlinois : <a href=\"https:\/\/www.youtube.com\/watch?v=SZDilq733ac&amp;list=RDKqpmImUVMwE&amp;index=24\">Jede Ratte der U8 par Von Wegen Lisbeth<\/a>.<\/p>\n","protected":false},"excerpt":{"rendered":"<p>Tr\u00e8s m\u00e9diatis\u00e9 en France (j&#8217;ai de nouveau regard\u00e9 les cha\u00eenes fran\u00e7aises pour l&#8217;occasion), le trenti\u00e8me anniversaire de la chute du mur de Berlin s&#8217;est fait plus discret en Allemagne, m\u00eame s&#8217;il a \u00e9t\u00e9 (et l&#8217;est encore) largement c\u00e9l\u00e9br\u00e9. Petite remise en contexte (si les vingtaines de documentaires \u00e0 la t\u00e9l\u00e9vision n&#8217;ont pas suffi) Le mur de Berlin a \u00e9t\u00e9 construit \u00e0 l&#8217;initiative de l&#8217;URSS la nuit du 12 au 13 ao\u00fbt 1961 pour s\u00e9parer la RDA de la RFA. Ce mur est rest\u00e9 l\u00e0 jusqu&#8217;\u00e0 la nuit du 9 novembre 1989 : dans la soir\u00e9e, le porte-parole du SED (Sozialistische Einheitspartei Deutschlands &#8211; Parti socialiste unifi\u00e9 d&#8217;Allemagne) G\u00fcnter Schabowski est en conf\u00e9rence de presse et annonce aux journalistes que les voyages vers l&#8217;\u00e9tranger ne sont plus conditionn\u00e9s \u00e0 des motifs particuliers (famille, travail&#8230;). Il faut savoir qu&#8217;\u00e0 ce moment-l\u00e0, beaucoup d&#8217;Allemands de l&#8217;Est avaient d\u00e9j\u00e0 quitt\u00e9s la RDA par le biais de la Hongrie, qui avait ouvert sa fronti\u00e8re avec l&#8217;Autriche durant l&#8217;\u00e9t\u00e9 de la m\u00eame ann\u00e9e. Suite aux d\u00e9clarations de Schabowski, des milliers de berlinois de l&#8217;Est se ruent vers les checkpoints et demandent \u00e0 passer de l&#8217;autre c\u00f4t\u00e9. Les autorit\u00e9s sur place finissent par les laisser faire en apprenant l&#8217;annonce de Schabowski, alors m\u00eame qu&#8217;ils n&#8217;avaient re\u00e7u aucun ordre officiel de le faire. Le mur est ainsi tomb\u00e9. La r\u00e9unification allemande s&#8217;est achev\u00e9e un an plus tard, le 3 octobre 1990 (jour de l&#8217;unit\u00e9 allemande). Cependant, trente ans apr\u00e8s la chute du mur, des in\u00e9galit\u00e9s tr\u00e8s fortes persistent entre l&#8217;Est et l&#8217;Ouest de l&#8217;Allemagne : dans les territoires de la ex-RDA, les fonctionnaires sont par exemple pay\u00e9s 15 % de moins que ceux de l&#8217;Ouest (chiffres de Franceinfo) et 57 % des allemands de l&#8217;Est ont l&#8217;impression d&#8217;\u00eatre des citoyens de seconde zone (chiffres du Taggespiel). C&#8217;est pour cette raison que la promotion de l&#8217;anniversaire de la chute du mur s&#8217;est faite bien plus discr\u00e8te en Allemagne : le but \u00e9tait d&#8217;\u00e9viter d&#8217;attiser les tensions sur ce sujet. Concr\u00e8tement, qu&#8217;est-ce qui a \u00e9t\u00e9 organis\u00e9 pour l&#8217;occasion ? Comme d&#8217;habitude, l\u2019incommensurable offre culturelle de Berlin \u00e9tait au rendez-vous. La semaine du 4 au 10 novembre a \u00e9t\u00e9 ponctu\u00e9e par des illuminations dans des lieux symboliques comme \u00e0 Alexanderplatz, \u00e0 l&#8217;East Side Gallery et bien s\u00fbr \u00e0 la Brandenburger Tor. Cette derni\u00e8re \u00e9tait au c\u0153ur des festivit\u00e9s du 9 novembre puisqu&#8217;un concert y a \u00e9t\u00e9 organis\u00e9 dans la soir\u00e9e et que les femmes et hommes politiques allemands y ont prononc\u00e9 plusieurs discours. J&#8217;y suis all\u00e9e mais j&#8217;\u00e9tais malheureusement trop loin pour appr\u00e9cier le spectacle (il y avait une foule \u00e9norme, avec notamment beaucoup trop de fran\u00e7ais) et je suis donc all\u00e9e me balader dans le reste de la ville avec des amis. J&#8217;ai \u00e9galement visit\u00e9 l&#8217;exposition gratuite sur l&#8217;est de Berlin \u00e0 l&#8217;Ephraim-Palast, qui se terminait cette m\u00eame semaine. D&#8217;autres expositions et \u00e9v\u00e9nements comm\u00e9morant la chute du mur ont lieu jusqu&#8217;\u00e0 la fin d\u00e9cembre. Je vous laisse appr\u00e9cier tout \u00e7a en photos et vid\u00e9o : Pour terminer, je me suis dit qu&#8217;il serait int\u00e9ressant de vous partager mes d\u00e9couvertes musicales (qui se font notamment gr\u00e2ce \u00e0 mon g\u00e9nialissime professeur d&#8217;allemand). Voici donc une chanson dr\u00f4le (quand on comprend les paroles) sur le m\u00e9tro berlinois : Jede Ratte der U8 par Von Wegen Lisbeth.<\/p>\n","protected":false},"author":1,"featured_media":266,"comment_status":"open","ping_status":"open","sticky":false,"template":"","format":"standard","meta":{"footnotes":""},"categories":[19,48],"tags":[51,49,50,55,54,52,53],"class_list":["post-252","post","type-post","status-publish","format-standard","has-post-thumbnail","hentry","category-decouverte","category-festivites","tag-30-ans","tag-brandenburger-tor","tag-chute-du-mur","tag-expositions","tag-mur-de-berlin","tag-rda","tag-rfa"],"acf":[],"_links":{"self":[{"href":"https:\/\/allespalettiinberlin.fr\/index.php?rest_route=\/wp\/v2\/posts\/252","targetHints":{"allow":["GET"]}}],"collection":[{"href":"https:\/\/allespalettiinberlin.fr\/index.php?rest_route=\/wp\/v2\/posts"}],"about":[{"href":"https:\/\/allespalettiinberlin.fr\/index.php?rest_route=\/wp\/v2\/types\/post"}],"author":[{"embeddable":true,"href":"https:\/\/allespalettiinberlin.fr\/index.php?rest_route=\/wp\/v2\/users\/1"}],"replies":[{"embeddable":true,"href":"https:\/\/allespalettiinberlin.fr\/index.php?rest_route=%2Fwp%2Fv2%2Fcomments&post=252"}],"version-history":[{"count":5,"href":"https:\/\/allespalettiinberlin.fr\/index.php?rest_route=\/wp\/v2\/posts\/252\/revisions"}],"predecessor-version":[{"id":521,"href":"https:\/\/allespalettiinberlin.fr\/index.php?rest_route=\/wp\/v2\/posts\/252\/revisions\/521"}],"wp:featuredmedia":[{"embeddable":true,"href":"https:\/\/allespalettiinberlin.fr\/index.php?rest_route=\/wp\/v2\/media\/266"}],"wp:attachment":[{"href":"https:\/\/allespalettiinberlin.fr\/index.php?rest_route=%2Fwp%2Fv2%2Fmedia&parent=252"}],"wp:term":[{"taxonomy":"category","embeddable":true,"href":"https:\/\/allespalettiinberlin.fr\/index.php?rest_route=%2Fwp%2Fv2%2Fcategories&post=252"},{"taxonomy":"post_tag","embeddable":true,"href":"https:\/\/allespalettiinberlin.fr\/index.php?rest_route=%2Fwp%2Fv2%2Ftags&post=252"}],"curies":[{"name":"wp","href":"https:\/\/api.w.org\/{rel}","templated":true}]}}