{"id":317,"date":"2019-12-23T18:33:47","date_gmt":"2019-12-23T17:33:47","guid":{"rendered":"https:\/\/allespalettiinberlin.fr\/?p=317"},"modified":"2019-12-23T18:33:48","modified_gmt":"2019-12-23T17:33:48","slug":"voyages-en-allemagne","status":"publish","type":"post","link":"https:\/\/allespalettiinberlin.fr\/?p=317","title":{"rendered":"Voyages en Allemagne"},"content":{"rendered":"\n<p>Me revoici apr\u00e8s quelques semaines d&#8217;absence ! J&#8217;avais en effet un programme assez charg\u00e9, entre voyages plusieurs week-ends d&#8217;affil\u00e9 et examens de mi-semestre. Maintenant que je suis en vacances, j&#8217;en profite pour vous parler de mes petites aventures du mois de d\u00e9cembre.<\/p>\n\n\n\n<h3 class=\"wp-block-heading\">Leipzig et Dresde<\/h3>\n\n\n\n<p>Bien install\u00e9e dans mon Flixbus \u00e0 6\u20ac, je me suis rendue \u00e0 Leipzig samedi 30 novembre chez mon amie Eva, qui fait son Erasmus ici. Elle est \u00e9galement de Sciences Po Paris, et elle \u00e9tait d\u00e9j\u00e0 venue me rendre visite \u00e0 Berlin. <\/p>\n\n\n\n<p>Leipzig est une petite ville au c\u0153ur de l&#8217;ex-RDA \u00e0 seulement 2h de route de Berlin. Cette ville est en plein d\u00e9veloppement et est le nouveau lieu de la sc\u00e8ne alternative musicale, notamment en techno ; on dit que c&#8217;est le Berlin des ann\u00e9es 1980 car il y a encore beaucoup de terrains vagues et de lieux inhabit\u00e9s. C&#8217;est \u00e9galement consid\u00e9r\u00e9 comme une ville tr\u00e8s dangereuse en termes de criminalit\u00e9 car des r\u00e8glements de compte ont souvent lieu sur la Eisenbahnstra\u00dfe. Et en effet, voici l&#8217;un des panneaux que l&#8217;on peut trouver dans le quartier de Neustadt :<\/p>\n\n\n\n<figure class=\"wp-block-image\"><img loading=\"lazy\" decoding=\"async\" width=\"683\" height=\"1024\" src=\"https:\/\/allespalettiinberlin.fr\/wp-content\/uploads\/2019\/12\/Leipzig-683x1024.jpg\" alt=\"\" class=\"wp-image-322\" srcset=\"https:\/\/allespalettiinberlin.fr\/wp-content\/uploads\/2019\/12\/Leipzig-683x1024.jpg 683w, https:\/\/allespalettiinberlin.fr\/wp-content\/uploads\/2019\/12\/Leipzig-200x300.jpg 200w, https:\/\/allespalettiinberlin.fr\/wp-content\/uploads\/2019\/12\/Leipzig-768x1152.jpg 768w, https:\/\/allespalettiinberlin.fr\/wp-content\/uploads\/2019\/12\/Leipzig-1140x1710.jpg 1140w\" sizes=\"auto, (max-width: 683px) 100vw, 683px\" \/><figcaption>&#8220;Armes interdites&#8221;<\/figcaption><\/figure>\n\n\n\n<p>Eva m&#8217;a tout de suite propos\u00e9 une activit\u00e9 peu commune lorsqu&#8217;on visite une ville : faire de l&#8217;urbex, c&#8217;est-\u00e0-dire de visiter des lieux abandonn\u00e9s (de mani\u00e8re plus ou moins l\u00e9gale \u00e9videmment). J&#8217;ai bien \u00e9videmment tout de suite accept\u00e9 : j&#8217;en avais d\u00e9j\u00e0 fait \u00e0 Montpellier et j&#8217;en ai encore de bons souvenirs, et \u00e7a sera un petit \u00e9chauffement pour Berlin puisque cette ville regorge aussi de lieux abandonn\u00e9s. <\/p>\n\n\n\n<p>Nous sommes donc all\u00e9es dans une ancienne fabrique de papier, qui a \u00e9t\u00e9 rachet\u00e9e depuis 2017 mais dont les travaux pour transformer le lieu n&#8217;ont toujours pas commenc\u00e9. Beaucoup d&#8217;habitants de Leipzig s&#8217;y rendent m\u00eame si c&#8217;est officiellement interdit puisque c&#8217;est d\u00e9sormais un terrain priv\u00e9. Le moyen le plus discret pour s&#8217;y rendre est de passer par des anciennes voies de train qui surplombent la ville. L&#8217;acc\u00e8s aux rails est \u00e9galement prot\u00e9g\u00e9 par des grilles, qui sont cependant <em>(trop<\/em>) facilement franchissables. <\/p>\n\n\n\n<ul class=\"wp-block-gallery aligncenter columns-2 is-cropped wp-block-gallery-1 is-layout-flex wp-block-gallery-is-layout-flex\"><li class=\"blocks-gallery-item\"><figure><img loading=\"lazy\" decoding=\"async\" width=\"1024\" height=\"683\" src=\"https:\/\/allespalettiinberlin.fr\/wp-content\/uploads\/2019\/12\/Leipzig2-1024x683.jpg\" alt=\"\" data-id=\"324\" data-link=\"https:\/\/allespalettiinberlin.fr\/?attachment_id=324\" class=\"wp-image-324\" srcset=\"https:\/\/allespalettiinberlin.fr\/wp-content\/uploads\/2019\/12\/Leipzig2-1024x683.jpg 1024w, https:\/\/allespalettiinberlin.fr\/wp-content\/uploads\/2019\/12\/Leipzig2-300x200.jpg 300w, https:\/\/allespalettiinberlin.fr\/wp-content\/uploads\/2019\/12\/Leipzig2-768x512.jpg 768w, https:\/\/allespalettiinberlin.fr\/wp-content\/uploads\/2019\/12\/Leipzig2-1140x760.jpg 1140w\" sizes=\"auto, (max-width: 1024px) 100vw, 1024px\" \/><\/figure><\/li><li class=\"blocks-gallery-item\"><figure><img loading=\"lazy\" decoding=\"async\" width=\"1024\" height=\"683\" src=\"https:\/\/allespalettiinberlin.fr\/wp-content\/uploads\/2019\/12\/Leipzig3-1024x683.jpg\" alt=\"\" data-id=\"325\" data-link=\"https:\/\/allespalettiinberlin.fr\/?attachment_id=325\" class=\"wp-image-325\" srcset=\"https:\/\/allespalettiinberlin.fr\/wp-content\/uploads\/2019\/12\/Leipzig3-1024x683.jpg 1024w, https:\/\/allespalettiinberlin.fr\/wp-content\/uploads\/2019\/12\/Leipzig3-300x200.jpg 300w, https:\/\/allespalettiinberlin.fr\/wp-content\/uploads\/2019\/12\/Leipzig3-768x512.jpg 768w, https:\/\/allespalettiinberlin.fr\/wp-content\/uploads\/2019\/12\/Leipzig3-1140x760.jpg 1140w\" sizes=\"auto, (max-width: 1024px) 100vw, 1024px\" \/><\/figure><\/li><li class=\"blocks-gallery-item\"><figure><img loading=\"lazy\" decoding=\"async\" width=\"1024\" height=\"683\" src=\"https:\/\/allespalettiinberlin.fr\/wp-content\/uploads\/2019\/12\/Leipzig4-1024x683.jpg\" alt=\"\" data-id=\"327\" data-link=\"https:\/\/allespalettiinberlin.fr\/?attachment_id=327\" class=\"wp-image-327\" srcset=\"https:\/\/allespalettiinberlin.fr\/wp-content\/uploads\/2019\/12\/Leipzig4-1024x683.jpg 1024w, https:\/\/allespalettiinberlin.fr\/wp-content\/uploads\/2019\/12\/Leipzig4-300x200.jpg 300w, https:\/\/allespalettiinberlin.fr\/wp-content\/uploads\/2019\/12\/Leipzig4-768x512.jpg 768w, https:\/\/allespalettiinberlin.fr\/wp-content\/uploads\/2019\/12\/Leipzig4-1140x760.jpg 1140w\" sizes=\"auto, (max-width: 1024px) 100vw, 1024px\" \/><\/figure><\/li><\/ul>\n\n\n\n<p>Une fois dans la fabrique, nous avons observ\u00e9 les multiples tags \u00e9tendus sur les cinq \u00e9tages du b\u00e2timent. Eva s&#8217;est amus\u00e9e \u00e0 ajouter sa petite touche par-ci par-l\u00e0.<\/p>\n\n\n\n<ul class=\"wp-block-gallery aligncenter columns-2 is-cropped wp-block-gallery-2 is-layout-flex wp-block-gallery-is-layout-flex\"><li class=\"blocks-gallery-item\"><figure><img loading=\"lazy\" decoding=\"async\" width=\"683\" height=\"1024\" src=\"https:\/\/allespalettiinberlin.fr\/wp-content\/uploads\/2019\/12\/Leipzig5-683x1024.jpg\" alt=\"\" data-id=\"329\" data-link=\"https:\/\/allespalettiinberlin.fr\/?attachment_id=329\" class=\"wp-image-329\" srcset=\"https:\/\/allespalettiinberlin.fr\/wp-content\/uploads\/2019\/12\/Leipzig5-683x1024.jpg 683w, https:\/\/allespalettiinberlin.fr\/wp-content\/uploads\/2019\/12\/Leipzig5-200x300.jpg 200w, https:\/\/allespalettiinberlin.fr\/wp-content\/uploads\/2019\/12\/Leipzig5-768x1152.jpg 768w, https:\/\/allespalettiinberlin.fr\/wp-content\/uploads\/2019\/12\/Leipzig5-1140x1710.jpg 1140w\" sizes=\"auto, (max-width: 683px) 100vw, 683px\" \/><\/figure><\/li><li class=\"blocks-gallery-item\"><figure><img loading=\"lazy\" decoding=\"async\" width=\"683\" height=\"1024\" src=\"https:\/\/allespalettiinberlin.fr\/wp-content\/uploads\/2019\/12\/IMG_1415-e1577118708922-683x1024.jpg\" alt=\"\" data-id=\"333\" data-link=\"https:\/\/allespalettiinberlin.fr\/?attachment_id=333\" class=\"wp-image-333\" srcset=\"https:\/\/allespalettiinberlin.fr\/wp-content\/uploads\/2019\/12\/IMG_1415-e1577118708922-683x1024.jpg 683w, https:\/\/allespalettiinberlin.fr\/wp-content\/uploads\/2019\/12\/IMG_1415-e1577118708922-200x300.jpg 200w, https:\/\/allespalettiinberlin.fr\/wp-content\/uploads\/2019\/12\/IMG_1415-e1577118708922-768x1152.jpg 768w, https:\/\/allespalettiinberlin.fr\/wp-content\/uploads\/2019\/12\/IMG_1415-e1577118708922-1140x1710.jpg 1140w\" sizes=\"auto, (max-width: 683px) 100vw, 683px\" \/><\/figure><\/li><li class=\"blocks-gallery-item\"><figure><img loading=\"lazy\" decoding=\"async\" width=\"683\" height=\"1024\" src=\"https:\/\/allespalettiinberlin.fr\/wp-content\/uploads\/2019\/12\/IMG_1417-e1577118680213-683x1024.jpg\" alt=\"\" data-id=\"335\" data-link=\"https:\/\/allespalettiinberlin.fr\/?attachment_id=335\" class=\"wp-image-335\" srcset=\"https:\/\/allespalettiinberlin.fr\/wp-content\/uploads\/2019\/12\/IMG_1417-e1577118680213-683x1024.jpg 683w, https:\/\/allespalettiinberlin.fr\/wp-content\/uploads\/2019\/12\/IMG_1417-e1577118680213-200x300.jpg 200w, https:\/\/allespalettiinberlin.fr\/wp-content\/uploads\/2019\/12\/IMG_1417-e1577118680213-768x1152.jpg 768w, https:\/\/allespalettiinberlin.fr\/wp-content\/uploads\/2019\/12\/IMG_1417-e1577118680213-1140x1710.jpg 1140w\" sizes=\"auto, (max-width: 683px) 100vw, 683px\" \/><\/figure><\/li><li class=\"blocks-gallery-item\"><figure><img loading=\"lazy\" decoding=\"async\" width=\"683\" height=\"1024\" src=\"https:\/\/allespalettiinberlin.fr\/wp-content\/uploads\/2019\/12\/IMG_1418-1-e1577119900964-683x1024.jpg\" alt=\"\" data-id=\"349\" data-link=\"https:\/\/allespalettiinberlin.fr\/?attachment_id=349\" class=\"wp-image-349\" srcset=\"https:\/\/allespalettiinberlin.fr\/wp-content\/uploads\/2019\/12\/IMG_1418-1-e1577119900964-683x1024.jpg 683w, https:\/\/allespalettiinberlin.fr\/wp-content\/uploads\/2019\/12\/IMG_1418-1-e1577119900964-200x300.jpg 200w, https:\/\/allespalettiinberlin.fr\/wp-content\/uploads\/2019\/12\/IMG_1418-1-e1577119900964-768x1152.jpg 768w, https:\/\/allespalettiinberlin.fr\/wp-content\/uploads\/2019\/12\/IMG_1418-1-e1577119900964-1140x1710.jpg 1140w\" sizes=\"auto, (max-width: 683px) 100vw, 683px\" \/><\/figure><\/li><li class=\"blocks-gallery-item\"><figure><img loading=\"lazy\" decoding=\"async\" width=\"1024\" height=\"683\" src=\"https:\/\/allespalettiinberlin.fr\/wp-content\/uploads\/2019\/12\/IMG_1404-1024x683.jpg\" alt=\"\" data-id=\"330\" data-link=\"https:\/\/allespalettiinberlin.fr\/?attachment_id=330\" class=\"wp-image-330\" srcset=\"https:\/\/allespalettiinberlin.fr\/wp-content\/uploads\/2019\/12\/IMG_1404-1024x683.jpg 1024w, https:\/\/allespalettiinberlin.fr\/wp-content\/uploads\/2019\/12\/IMG_1404-300x200.jpg 300w, https:\/\/allespalettiinberlin.fr\/wp-content\/uploads\/2019\/12\/IMG_1404-768x512.jpg 768w, https:\/\/allespalettiinberlin.fr\/wp-content\/uploads\/2019\/12\/IMG_1404-1140x760.jpg 1140w\" sizes=\"auto, (max-width: 1024px) 100vw, 1024px\" \/><\/figure><\/li><li class=\"blocks-gallery-item\"><figure><img loading=\"lazy\" decoding=\"async\" width=\"1024\" height=\"683\" src=\"https:\/\/allespalettiinberlin.fr\/wp-content\/uploads\/2019\/12\/IMG_1411-1024x683.jpg\" alt=\"\" data-id=\"331\" data-link=\"https:\/\/allespalettiinberlin.fr\/?attachment_id=331\" class=\"wp-image-331\" srcset=\"https:\/\/allespalettiinberlin.fr\/wp-content\/uploads\/2019\/12\/IMG_1411-1024x683.jpg 1024w, https:\/\/allespalettiinberlin.fr\/wp-content\/uploads\/2019\/12\/IMG_1411-300x200.jpg 300w, https:\/\/allespalettiinberlin.fr\/wp-content\/uploads\/2019\/12\/IMG_1411-768x512.jpg 768w, https:\/\/allespalettiinberlin.fr\/wp-content\/uploads\/2019\/12\/IMG_1411-1140x760.jpg 1140w\" sizes=\"auto, (max-width: 1024px) 100vw, 1024px\" \/><\/figure><\/li><li class=\"blocks-gallery-item\"><figure><img loading=\"lazy\" decoding=\"async\" width=\"1024\" height=\"683\" src=\"https:\/\/allespalettiinberlin.fr\/wp-content\/uploads\/2019\/12\/IMG_1412-1024x683.jpg\" alt=\"\" data-id=\"332\" data-link=\"https:\/\/allespalettiinberlin.fr\/?attachment_id=332\" class=\"wp-image-332\" srcset=\"https:\/\/allespalettiinberlin.fr\/wp-content\/uploads\/2019\/12\/IMG_1412-1024x683.jpg 1024w, https:\/\/allespalettiinberlin.fr\/wp-content\/uploads\/2019\/12\/IMG_1412-300x200.jpg 300w, https:\/\/allespalettiinberlin.fr\/wp-content\/uploads\/2019\/12\/IMG_1412-768x512.jpg 768w, https:\/\/allespalettiinberlin.fr\/wp-content\/uploads\/2019\/12\/IMG_1412-1140x760.jpg 1140w\" sizes=\"auto, (max-width: 1024px) 100vw, 1024px\" \/><\/figure><\/li><li class=\"blocks-gallery-item\"><figure><img loading=\"lazy\" decoding=\"async\" width=\"1024\" height=\"683\" src=\"https:\/\/allespalettiinberlin.fr\/wp-content\/uploads\/2019\/12\/IMG_1416-1024x683.jpg\" alt=\"\" data-id=\"334\" data-link=\"https:\/\/allespalettiinberlin.fr\/?attachment_id=334\" class=\"wp-image-334\" srcset=\"https:\/\/allespalettiinberlin.fr\/wp-content\/uploads\/2019\/12\/IMG_1416-1024x683.jpg 1024w, https:\/\/allespalettiinberlin.fr\/wp-content\/uploads\/2019\/12\/IMG_1416-300x200.jpg 300w, https:\/\/allespalettiinberlin.fr\/wp-content\/uploads\/2019\/12\/IMG_1416-768x512.jpg 768w, https:\/\/allespalettiinberlin.fr\/wp-content\/uploads\/2019\/12\/IMG_1416-1140x760.jpg 1140w\" sizes=\"auto, (max-width: 1024px) 100vw, 1024px\" \/><\/figure><\/li><li class=\"blocks-gallery-item\"><figure><img loading=\"lazy\" decoding=\"async\" width=\"1024\" height=\"683\" src=\"https:\/\/allespalettiinberlin.fr\/wp-content\/uploads\/2019\/12\/IMG_1420-1024x683.jpg\" alt=\"\" data-id=\"337\" data-link=\"https:\/\/allespalettiinberlin.fr\/?attachment_id=337\" class=\"wp-image-337\" srcset=\"https:\/\/allespalettiinberlin.fr\/wp-content\/uploads\/2019\/12\/IMG_1420-1024x683.jpg 1024w, https:\/\/allespalettiinberlin.fr\/wp-content\/uploads\/2019\/12\/IMG_1420-300x200.jpg 300w, https:\/\/allespalettiinberlin.fr\/wp-content\/uploads\/2019\/12\/IMG_1420-768x512.jpg 768w, https:\/\/allespalettiinberlin.fr\/wp-content\/uploads\/2019\/12\/IMG_1420-1140x760.jpg 1140w\" sizes=\"auto, (max-width: 1024px) 100vw, 1024px\" \/><\/figure><\/li><li class=\"blocks-gallery-item\"><figure><img loading=\"lazy\" decoding=\"async\" width=\"1024\" height=\"683\" src=\"https:\/\/allespalettiinberlin.fr\/wp-content\/uploads\/2019\/12\/IMG_1421-1024x683.jpg\" alt=\"\" data-id=\"338\" data-link=\"https:\/\/allespalettiinberlin.fr\/?attachment_id=338\" class=\"wp-image-338\" srcset=\"https:\/\/allespalettiinberlin.fr\/wp-content\/uploads\/2019\/12\/IMG_1421-1024x683.jpg 1024w, https:\/\/allespalettiinberlin.fr\/wp-content\/uploads\/2019\/12\/IMG_1421-300x200.jpg 300w, https:\/\/allespalettiinberlin.fr\/wp-content\/uploads\/2019\/12\/IMG_1421-768x512.jpg 768w, https:\/\/allespalettiinberlin.fr\/wp-content\/uploads\/2019\/12\/IMG_1421-1140x760.jpg 1140w\" sizes=\"auto, (max-width: 1024px) 100vw, 1024px\" \/><\/figure><\/li><li class=\"blocks-gallery-item\"><figure><img loading=\"lazy\" decoding=\"async\" width=\"1024\" height=\"683\" src=\"https:\/\/allespalettiinberlin.fr\/wp-content\/uploads\/2019\/12\/IMG_1435-1024x683.jpg\" alt=\"\" data-id=\"339\" data-link=\"https:\/\/allespalettiinberlin.fr\/?attachment_id=339\" class=\"wp-image-339\" srcset=\"https:\/\/allespalettiinberlin.fr\/wp-content\/uploads\/2019\/12\/IMG_1435-1024x683.jpg 1024w, https:\/\/allespalettiinberlin.fr\/wp-content\/uploads\/2019\/12\/IMG_1435-300x200.jpg 300w, https:\/\/allespalettiinberlin.fr\/wp-content\/uploads\/2019\/12\/IMG_1435-768x512.jpg 768w, https:\/\/allespalettiinberlin.fr\/wp-content\/uploads\/2019\/12\/IMG_1435-1140x760.jpg 1140w\" sizes=\"auto, (max-width: 1024px) 100vw, 1024px\" \/><\/figure><\/li><li class=\"blocks-gallery-item\"><figure><img loading=\"lazy\" decoding=\"async\" width=\"1024\" height=\"683\" src=\"https:\/\/allespalettiinberlin.fr\/wp-content\/uploads\/2019\/12\/IMG_1444-1024x683.jpg\" alt=\"\" data-id=\"340\" data-link=\"https:\/\/allespalettiinberlin.fr\/?attachment_id=340\" class=\"wp-image-340\" srcset=\"https:\/\/allespalettiinberlin.fr\/wp-content\/uploads\/2019\/12\/IMG_1444-1024x683.jpg 1024w, https:\/\/allespalettiinberlin.fr\/wp-content\/uploads\/2019\/12\/IMG_1444-300x200.jpg 300w, https:\/\/allespalettiinberlin.fr\/wp-content\/uploads\/2019\/12\/IMG_1444-768x512.jpg 768w, https:\/\/allespalettiinberlin.fr\/wp-content\/uploads\/2019\/12\/IMG_1444-1140x760.jpg 1140w\" sizes=\"auto, (max-width: 1024px) 100vw, 1024px\" \/><\/figure><\/li><li class=\"blocks-gallery-item\"><figure><img loading=\"lazy\" decoding=\"async\" width=\"1024\" height=\"768\" src=\"https:\/\/allespalettiinberlin.fr\/wp-content\/uploads\/2019\/12\/IMG_5259-1024x768.jpg\" alt=\"\" data-id=\"342\" data-link=\"https:\/\/allespalettiinberlin.fr\/?attachment_id=342\" class=\"wp-image-342\" srcset=\"https:\/\/allespalettiinberlin.fr\/wp-content\/uploads\/2019\/12\/IMG_5259-1024x768.jpg 1024w, https:\/\/allespalettiinberlin.fr\/wp-content\/uploads\/2019\/12\/IMG_5259-300x225.jpg 300w, https:\/\/allespalettiinberlin.fr\/wp-content\/uploads\/2019\/12\/IMG_5259-768x576.jpg 768w, https:\/\/allespalettiinberlin.fr\/wp-content\/uploads\/2019\/12\/IMG_5259-1140x855.jpg 1140w\" sizes=\"auto, (max-width: 1024px) 100vw, 1024px\" \/><\/figure><\/li><\/ul>\n\n\n\n<p> Le soir, j&#8217;ai un peu visit\u00e9 le centre de Leipzig mais j&#8217;\u00e9tais d\u00e9j\u00e0 tr\u00e8s \u00e9puis\u00e9e par ma journ\u00e9e alors je suis vite rentr\u00e9e me coucher. Le lendemain, nous nous sommes rendues (Eva, sa coloc&#8217; allemande et moi) \u00e0 Dresde pour y voir le march\u00e9 de No\u00ebl. Celui-ci est r\u00e9put\u00e9 pour \u00eatre l&#8217;un des plus beaux Weihnachtsm\u00e4rkte d&#8217;Allemagne, et en effet, nous avons toutes les trois ador\u00e9. Le march\u00e9 s&#8217;\u00e9tendait sur l&#8217;ensemble du centre-ville et il y avait des animations un peu partout. Nous avons pris nos premiers Gl\u00fchwein (vin chaud) de la saison ! <\/p>\n\n\n\n<ul class=\"wp-block-gallery aligncenter columns-2 is-cropped wp-block-gallery-3 is-layout-flex wp-block-gallery-is-layout-flex\"><li class=\"blocks-gallery-item\"><figure><img loading=\"lazy\" decoding=\"async\" width=\"1024\" height=\"576\" src=\"https:\/\/allespalettiinberlin.fr\/wp-content\/uploads\/2019\/12\/31F08A7B-FFF7-43AB-89D9-7D625BA93D3A-1024x576.jpg\" alt=\"\" data-id=\"343\" data-link=\"https:\/\/allespalettiinberlin.fr\/?attachment_id=343\" class=\"wp-image-343\" srcset=\"https:\/\/allespalettiinberlin.fr\/wp-content\/uploads\/2019\/12\/31F08A7B-FFF7-43AB-89D9-7D625BA93D3A-1024x576.jpg 1024w, https:\/\/allespalettiinberlin.fr\/wp-content\/uploads\/2019\/12\/31F08A7B-FFF7-43AB-89D9-7D625BA93D3A-300x169.jpg 300w, https:\/\/allespalettiinberlin.fr\/wp-content\/uploads\/2019\/12\/31F08A7B-FFF7-43AB-89D9-7D625BA93D3A-768x432.jpg 768w, https:\/\/allespalettiinberlin.fr\/wp-content\/uploads\/2019\/12\/31F08A7B-FFF7-43AB-89D9-7D625BA93D3A-1140x642.jpg 1140w\" sizes=\"auto, (max-width: 1024px) 100vw, 1024px\" \/><figcaption>Le march\u00e9 de No\u00ebl<\/figcaption><\/figure><\/li><li class=\"blocks-gallery-item\"><figure><img loading=\"lazy\" decoding=\"async\" width=\"1024\" height=\"576\" src=\"https:\/\/allespalettiinberlin.fr\/wp-content\/uploads\/2019\/12\/D8237F52-BBB1-43A1-8EB4-DC2F4D9B7FDE-1024x576.jpg\" alt=\"\" data-id=\"344\" data-link=\"https:\/\/allespalettiinberlin.fr\/?attachment_id=344\" class=\"wp-image-344\" srcset=\"https:\/\/allespalettiinberlin.fr\/wp-content\/uploads\/2019\/12\/D8237F52-BBB1-43A1-8EB4-DC2F4D9B7FDE-1024x576.jpg 1024w, https:\/\/allespalettiinberlin.fr\/wp-content\/uploads\/2019\/12\/D8237F52-BBB1-43A1-8EB4-DC2F4D9B7FDE-300x169.jpg 300w, https:\/\/allespalettiinberlin.fr\/wp-content\/uploads\/2019\/12\/D8237F52-BBB1-43A1-8EB4-DC2F4D9B7FDE-768x432.jpg 768w, https:\/\/allespalettiinberlin.fr\/wp-content\/uploads\/2019\/12\/D8237F52-BBB1-43A1-8EB4-DC2F4D9B7FDE-1140x642.jpg 1140w\" sizes=\"auto, (max-width: 1024px) 100vw, 1024px\" \/><\/figure><\/li><li class=\"blocks-gallery-item\"><figure><img loading=\"lazy\" decoding=\"async\" width=\"576\" height=\"1024\" src=\"https:\/\/allespalettiinberlin.fr\/wp-content\/uploads\/2019\/12\/7724F7E5-F048-46CF-A315-9ECCFE4BAF56-1-e1577119812543-576x1024.jpg\" alt=\"\" data-id=\"347\" data-link=\"https:\/\/allespalettiinberlin.fr\/?attachment_id=347\" class=\"wp-image-347\" srcset=\"https:\/\/allespalettiinberlin.fr\/wp-content\/uploads\/2019\/12\/7724F7E5-F048-46CF-A315-9ECCFE4BAF56-1-e1577119812543-576x1024.jpg 576w, https:\/\/allespalettiinberlin.fr\/wp-content\/uploads\/2019\/12\/7724F7E5-F048-46CF-A315-9ECCFE4BAF56-1-e1577119812543-169x300.jpg 169w, https:\/\/allespalettiinberlin.fr\/wp-content\/uploads\/2019\/12\/7724F7E5-F048-46CF-A315-9ECCFE4BAF56-1-e1577119812543-768x1365.jpg 768w, https:\/\/allespalettiinberlin.fr\/wp-content\/uploads\/2019\/12\/7724F7E5-F048-46CF-A315-9ECCFE4BAF56-1-e1577119812543-1140x2025.jpg 1140w\" sizes=\"auto, (max-width: 576px) 100vw, 576px\" \/><figcaption>La Frauenkirche<\/figcaption><\/figure><\/li><li class=\"blocks-gallery-item\"><figure><img loading=\"lazy\" decoding=\"async\" width=\"768\" height=\"1024\" src=\"https:\/\/allespalettiinberlin.fr\/wp-content\/uploads\/2019\/12\/IMG_5266-1-e1577119830235-768x1024.jpg\" alt=\"\" data-id=\"348\" data-link=\"https:\/\/allespalettiinberlin.fr\/?attachment_id=348\" class=\"wp-image-348\" srcset=\"https:\/\/allespalettiinberlin.fr\/wp-content\/uploads\/2019\/12\/IMG_5266-1-e1577119830235-768x1024.jpg 768w, https:\/\/allespalettiinberlin.fr\/wp-content\/uploads\/2019\/12\/IMG_5266-1-e1577119830235-225x300.jpg 225w, https:\/\/allespalettiinberlin.fr\/wp-content\/uploads\/2019\/12\/IMG_5266-1-e1577119830235-1140x1520.jpg 1140w\" sizes=\"auto, (max-width: 768px) 100vw, 768px\" \/><figcaption>La Kreuzkirche<\/figcaption><\/figure><\/li><li class=\"blocks-gallery-item\"><figure><img loading=\"lazy\" decoding=\"async\" width=\"1024\" height=\"769\" src=\"https:\/\/allespalettiinberlin.fr\/wp-content\/uploads\/2019\/12\/PHOTO-2019-12-01-23-01-271-1024x769.jpg\" alt=\"\" data-id=\"351\" data-link=\"https:\/\/allespalettiinberlin.fr\/?attachment_id=351\" class=\"wp-image-351\" srcset=\"https:\/\/allespalettiinberlin.fr\/wp-content\/uploads\/2019\/12\/PHOTO-2019-12-01-23-01-271.jpg 1024w, https:\/\/allespalettiinberlin.fr\/wp-content\/uploads\/2019\/12\/PHOTO-2019-12-01-23-01-271-300x225.jpg 300w, https:\/\/allespalettiinberlin.fr\/wp-content\/uploads\/2019\/12\/PHOTO-2019-12-01-23-01-271-768x577.jpg 768w\" sizes=\"auto, (max-width: 1024px) 100vw, 1024px\" \/><figcaption>Johanna (la coloc d&#8217;Eva), moi et Eva<\/figcaption><\/figure><\/li><\/ul>\n\n\n\n<figure class=\"wp-block-image\"><img loading=\"lazy\" decoding=\"async\" width=\"768\" height=\"1024\" src=\"https:\/\/allespalettiinberlin.fr\/wp-content\/uploads\/2019\/12\/PHOTO-2019-12-01-23-01-27-768x1024.jpg\" alt=\"\" class=\"wp-image-352\" srcset=\"https:\/\/allespalettiinberlin.fr\/wp-content\/uploads\/2019\/12\/PHOTO-2019-12-01-23-01-27.jpg 768w, https:\/\/allespalettiinberlin.fr\/wp-content\/uploads\/2019\/12\/PHOTO-2019-12-01-23-01-27-225x300.jpg 225w\" sizes=\"auto, (max-width: 768px) 100vw, 768px\" \/><figcaption>Eva et moi, et nos Gl\u00fchwein<\/figcaption><\/figure>\n\n\n\n<h3 class=\"wp-block-heading\">Bonn<\/h3>\n\n\n\n<p>Le week-end suivant, je suis all\u00e9e \u00e0 Bonn pour une formation p\u00e9dagogique. En effet, puisque Camille s&#8217;ennuit toujours dans la vie, elle a d\u00e9cid\u00e9 de s&#8217;inscrire \u00e0 un programme appel\u00e9 &#8220;Europa macht Schule&#8221; (ce qui signifie litt\u00e9ralement &#8220;l&#8217;Europe fait l&#8217;\u00e9cole&#8221;). Ce programme permet aux \u00e9tudiants \u00e9trangers en Allemagne de pr\u00e9senter leur pays aupr\u00e8s d&#8217;\u00e9l\u00e8ves allemands (ils peuvent \u00eatre des enfants de 5 ans comme des \u00e9tudiants de 20 ans &#8211; pour ma part, j&#8217;ai des lyc\u00e9ens). Je vous parlerai un peu plus de ce programme en janvier prochain. <\/p>\n\n\n\n<p>Ce week-end \u00e9tait donc aussi l&#8217;occasion de rencontrer des \u00e9tudiants \u00e9trangers qui font leur Erasmus dans d&#8217;autres villes d&#8217;Allemagne. Il s&#8217;av\u00e8re que, par hasard, ma coloc&#8217; Chlo\u00e9, notre amie Liliya et moi-m\u00eame nous sommes retrouv\u00e9es sur le m\u00eame week-end de formation. Nous avons pass\u00e9 un tr\u00e8s bon moment et rencontr\u00e9 des personnes tr\u00e8s int\u00e9ressantes <em>(et accessoirement, nous avons aussi appris quelques petites techniques p\u00e9dagogiques)<\/em>. <\/p>\n\n\n\n<ul class=\"wp-block-gallery aligncenter columns-3 is-cropped wp-block-gallery-4 is-layout-flex wp-block-gallery-is-layout-flex\"><li class=\"blocks-gallery-item\"><figure><img loading=\"lazy\" decoding=\"async\" width=\"768\" height=\"1024\" src=\"https:\/\/allespalettiinberlin.fr\/wp-content\/uploads\/2019\/12\/IMG_5303-e1577121298984-768x1024.jpg\" alt=\"\" data-id=\"355\" data-link=\"https:\/\/allespalettiinberlin.fr\/?attachment_id=355\" class=\"wp-image-355\" srcset=\"https:\/\/allespalettiinberlin.fr\/wp-content\/uploads\/2019\/12\/IMG_5303-e1577121298984-768x1024.jpg 768w, https:\/\/allespalettiinberlin.fr\/wp-content\/uploads\/2019\/12\/IMG_5303-e1577121298984-225x300.jpg 225w, https:\/\/allespalettiinberlin.fr\/wp-content\/uploads\/2019\/12\/IMG_5303-e1577121298984-1140x1520.jpg 1140w\" sizes=\"auto, (max-width: 768px) 100vw, 768px\" \/><\/figure><\/li><li class=\"blocks-gallery-item\"><figure><img loading=\"lazy\" decoding=\"async\" width=\"768\" height=\"1024\" src=\"https:\/\/allespalettiinberlin.fr\/wp-content\/uploads\/2019\/12\/IMG_5304-e1577121312635-768x1024.jpg\" alt=\"\" data-id=\"356\" data-link=\"https:\/\/allespalettiinberlin.fr\/?attachment_id=356\" class=\"wp-image-356\" srcset=\"https:\/\/allespalettiinberlin.fr\/wp-content\/uploads\/2019\/12\/IMG_5304-e1577121312635-768x1024.jpg 768w, https:\/\/allespalettiinberlin.fr\/wp-content\/uploads\/2019\/12\/IMG_5304-e1577121312635-225x300.jpg 225w, https:\/\/allespalettiinberlin.fr\/wp-content\/uploads\/2019\/12\/IMG_5304-e1577121312635-1140x1520.jpg 1140w\" sizes=\"auto, (max-width: 768px) 100vw, 768px\" \/><\/figure><\/li><li class=\"blocks-gallery-item\"><figure><img loading=\"lazy\" decoding=\"async\" width=\"768\" height=\"1024\" src=\"https:\/\/allespalettiinberlin.fr\/wp-content\/uploads\/2019\/12\/IMG_5309-e1577121329779-768x1024.jpg\" alt=\"\" data-id=\"358\" data-link=\"https:\/\/allespalettiinberlin.fr\/?attachment_id=358\" class=\"wp-image-358\" srcset=\"https:\/\/allespalettiinberlin.fr\/wp-content\/uploads\/2019\/12\/IMG_5309-e1577121329779-768x1024.jpg 768w, https:\/\/allespalettiinberlin.fr\/wp-content\/uploads\/2019\/12\/IMG_5309-e1577121329779-225x300.jpg 225w, https:\/\/allespalettiinberlin.fr\/wp-content\/uploads\/2019\/12\/IMG_5309-e1577121329779-1140x1520.jpg 1140w\" sizes=\"auto, (max-width: 768px) 100vw, 768px\" \/><\/figure><\/li><li class=\"blocks-gallery-item\"><figure><img loading=\"lazy\" decoding=\"async\" width=\"1024\" height=\"768\" src=\"https:\/\/allespalettiinberlin.fr\/wp-content\/uploads\/2019\/12\/IMG_5307-1024x768.jpg\" alt=\"\" data-id=\"357\" data-link=\"https:\/\/allespalettiinberlin.fr\/?attachment_id=357\" class=\"wp-image-357\" srcset=\"https:\/\/allespalettiinberlin.fr\/wp-content\/uploads\/2019\/12\/IMG_5307-1024x768.jpg 1024w, https:\/\/allespalettiinberlin.fr\/wp-content\/uploads\/2019\/12\/IMG_5307-300x225.jpg 300w, https:\/\/allespalettiinberlin.fr\/wp-content\/uploads\/2019\/12\/IMG_5307-768x576.jpg 768w, https:\/\/allespalettiinberlin.fr\/wp-content\/uploads\/2019\/12\/IMG_5307-1140x855.jpg 1140w\" sizes=\"auto, (max-width: 1024px) 100vw, 1024px\" \/><\/figure><\/li><li class=\"blocks-gallery-item\"><figure><img loading=\"lazy\" decoding=\"async\" width=\"1024\" height=\"768\" src=\"https:\/\/allespalettiinberlin.fr\/wp-content\/uploads\/2019\/12\/PHOTO-2019-12-09-10-08-44-1024x768.jpg\" alt=\"\" data-id=\"360\" data-link=\"https:\/\/allespalettiinberlin.fr\/?attachment_id=360\" class=\"wp-image-360\" srcset=\"https:\/\/allespalettiinberlin.fr\/wp-content\/uploads\/2019\/12\/PHOTO-2019-12-09-10-08-44-1024x768.jpg 1024w, https:\/\/allespalettiinberlin.fr\/wp-content\/uploads\/2019\/12\/PHOTO-2019-12-09-10-08-44-300x225.jpg 300w, https:\/\/allespalettiinberlin.fr\/wp-content\/uploads\/2019\/12\/PHOTO-2019-12-09-10-08-44-768x576.jpg 768w, https:\/\/allespalettiinberlin.fr\/wp-content\/uploads\/2019\/12\/PHOTO-2019-12-09-10-08-44-1140x855.jpg 1140w, https:\/\/allespalettiinberlin.fr\/wp-content\/uploads\/2019\/12\/PHOTO-2019-12-09-10-08-44.jpg 1600w\" sizes=\"auto, (max-width: 1024px) 100vw, 1024px\" \/><\/figure><\/li><li class=\"blocks-gallery-item\"><figure><img loading=\"lazy\" decoding=\"async\" width=\"1024\" height=\"768\" src=\"https:\/\/allespalettiinberlin.fr\/wp-content\/uploads\/2019\/12\/PHOTO-2019-12-09-10-08-46-1024x768.jpg\" alt=\"\" data-id=\"361\" data-link=\"https:\/\/allespalettiinberlin.fr\/?attachment_id=361\" class=\"wp-image-361\" srcset=\"https:\/\/allespalettiinberlin.fr\/wp-content\/uploads\/2019\/12\/PHOTO-2019-12-09-10-08-46-1024x768.jpg 1024w, https:\/\/allespalettiinberlin.fr\/wp-content\/uploads\/2019\/12\/PHOTO-2019-12-09-10-08-46-300x225.jpg 300w, https:\/\/allespalettiinberlin.fr\/wp-content\/uploads\/2019\/12\/PHOTO-2019-12-09-10-08-46-768x576.jpg 768w, https:\/\/allespalettiinberlin.fr\/wp-content\/uploads\/2019\/12\/PHOTO-2019-12-09-10-08-46-1140x855.jpg 1140w, https:\/\/allespalettiinberlin.fr\/wp-content\/uploads\/2019\/12\/PHOTO-2019-12-09-10-08-46.jpg 1600w\" sizes=\"auto, (max-width: 1024px) 100vw, 1024px\" \/><\/figure><\/li><li class=\"blocks-gallery-item\"><figure><img loading=\"lazy\" decoding=\"async\" width=\"1024\" height=\"768\" src=\"https:\/\/allespalettiinberlin.fr\/wp-content\/uploads\/2019\/12\/PHOTO-2019-12-08-22-57-19-1024x768.jpg\" alt=\"\" data-id=\"359\" data-link=\"https:\/\/allespalettiinberlin.fr\/?attachment_id=359\" class=\"wp-image-359\" srcset=\"https:\/\/allespalettiinberlin.fr\/wp-content\/uploads\/2019\/12\/PHOTO-2019-12-08-22-57-19-1024x768.jpg 1024w, https:\/\/allespalettiinberlin.fr\/wp-content\/uploads\/2019\/12\/PHOTO-2019-12-08-22-57-19-300x225.jpg 300w, https:\/\/allespalettiinberlin.fr\/wp-content\/uploads\/2019\/12\/PHOTO-2019-12-08-22-57-19-768x576.jpg 768w, https:\/\/allespalettiinberlin.fr\/wp-content\/uploads\/2019\/12\/PHOTO-2019-12-08-22-57-19-1140x855.jpg 1140w, https:\/\/allespalettiinberlin.fr\/wp-content\/uploads\/2019\/12\/PHOTO-2019-12-08-22-57-19.jpg 1600w\" sizes=\"auto, (max-width: 1024px) 100vw, 1024px\" \/><\/figure><\/li><li class=\"blocks-gallery-item\"><figure><img loading=\"lazy\" decoding=\"async\" width=\"1024\" height=\"768\" src=\"https:\/\/allespalettiinberlin.fr\/wp-content\/uploads\/2019\/12\/PHOTO-2019-12-10-13-08-30-1024x768.jpg\" alt=\"\" data-id=\"362\" data-link=\"https:\/\/allespalettiinberlin.fr\/?attachment_id=362\" class=\"wp-image-362\" srcset=\"https:\/\/allespalettiinberlin.fr\/wp-content\/uploads\/2019\/12\/PHOTO-2019-12-10-13-08-30-1024x768.jpg 1024w, https:\/\/allespalettiinberlin.fr\/wp-content\/uploads\/2019\/12\/PHOTO-2019-12-10-13-08-30-300x225.jpg 300w, https:\/\/allespalettiinberlin.fr\/wp-content\/uploads\/2019\/12\/PHOTO-2019-12-10-13-08-30-768x576.jpg 768w, https:\/\/allespalettiinberlin.fr\/wp-content\/uploads\/2019\/12\/PHOTO-2019-12-10-13-08-30-1140x855.jpg 1140w, https:\/\/allespalettiinberlin.fr\/wp-content\/uploads\/2019\/12\/PHOTO-2019-12-10-13-08-30.jpg 1600w\" sizes=\"auto, (max-width: 1024px) 100vw, 1024px\" \/><\/figure><\/li><\/ul>\n\n\n\n<figure class=\"wp-block-video aligncenter\"><video height=\"1278\" style=\"aspect-ratio: 720 \/ 1278;\" width=\"720\" controls src=\"https:\/\/allespalettiinberlin.fr\/wp-content\/uploads\/2019\/12\/0cfb4943f831499a9a88679ece768ec3.mov\"><\/video><figcaption>Les chants de No\u00ebl pour la Saint-Nicolas<\/figcaption><\/figure>\n\n\n\n<figure class=\"wp-block-video aligncenter\"><video height=\"1278\" style=\"aspect-ratio: 720 \/ 1278;\" width=\"720\" controls src=\"https:\/\/allespalettiinberlin.fr\/wp-content\/uploads\/2019\/12\/296884585b654abf8baa5f4e8f3da91f-2.mov\"><\/video><figcaption>Chlo\u00e9 et Liliya qui dansent sur les chants de No\u00ebl<\/figcaption><\/figure>\n\n\n\n<p>Voil\u00e0 ! C&#8217;\u00e9tait un petit r\u00e9sum\u00e9 de mes voyages dans d&#8217;autres contr\u00e9es allemandes. J&#8217;esp\u00e8re que le retour en images vous aura plu !<\/p>\n\n\n\n<hr class=\"wp-block-separator is-style-wide\"\/>\n\n\n\n<p>Pour la petite musique cette fois-ci, je vous fais d\u00e9couvrir &#8220;Berlin, Berlin&#8221; de Harald Juhnke (inspir\u00e9 de &#8220;New York, New York&#8221; de Frank Sinatra). Je trouvais que c&#8217;\u00e9tait plut\u00f4t dans l&#8217;esprit de No\u00ebl : <a href=\"https:\/\/www.youtube.com\/watch?v=7xTxD5c-OlI \">https:\/\/www.youtube.com\/watch?v=7xTxD5c-OlI <\/a><\/p>\n","protected":false},"excerpt":{"rendered":"<p>Me revoici apr\u00e8s quelques semaines d&#8217;absence ! J&#8217;avais en effet un programme assez charg\u00e9, entre voyages plusieurs week-ends d&#8217;affil\u00e9 et examens de mi-semestre. Maintenant que je suis en vacances, j&#8217;en profite pour vous parler de mes petites aventures du mois de d\u00e9cembre. Leipzig et Dresde Bien install\u00e9e dans mon Flixbus \u00e0 6\u20ac, je me suis rendue \u00e0 Leipzig samedi 30 novembre chez mon amie Eva, qui fait son Erasmus ici. Elle est \u00e9galement de Sciences Po Paris, et elle \u00e9tait d\u00e9j\u00e0 venue me rendre visite \u00e0 Berlin. Leipzig est une petite ville au c\u0153ur de l&#8217;ex-RDA \u00e0 seulement 2h de route de Berlin. Cette ville est en plein d\u00e9veloppement et est le nouveau lieu de la sc\u00e8ne alternative musicale, notamment en techno ; on dit que c&#8217;est le Berlin des ann\u00e9es 1980 car il y a encore beaucoup de terrains vagues et de lieux inhabit\u00e9s. C&#8217;est \u00e9galement consid\u00e9r\u00e9 comme une ville tr\u00e8s dangereuse en termes de criminalit\u00e9 car des r\u00e8glements de compte ont souvent lieu sur la Eisenbahnstra\u00dfe. Et en effet, voici l&#8217;un des panneaux que l&#8217;on peut trouver dans le quartier de Neustadt : Eva m&#8217;a tout de suite propos\u00e9 une activit\u00e9 peu commune lorsqu&#8217;on visite une ville : faire de l&#8217;urbex, c&#8217;est-\u00e0-dire de visiter des lieux abandonn\u00e9s (de mani\u00e8re plus ou moins l\u00e9gale \u00e9videmment). J&#8217;ai bien \u00e9videmment tout de suite accept\u00e9 : j&#8217;en avais d\u00e9j\u00e0 fait \u00e0 Montpellier et j&#8217;en ai encore de bons souvenirs, et \u00e7a sera un petit \u00e9chauffement pour Berlin puisque cette ville regorge aussi de lieux abandonn\u00e9s. Nous sommes donc all\u00e9es dans une ancienne fabrique de papier, qui a \u00e9t\u00e9 rachet\u00e9e depuis 2017 mais dont les travaux pour transformer le lieu n&#8217;ont toujours pas commenc\u00e9. Beaucoup d&#8217;habitants de Leipzig s&#8217;y rendent m\u00eame si c&#8217;est officiellement interdit puisque c&#8217;est d\u00e9sormais un terrain priv\u00e9. Le moyen le plus discret pour s&#8217;y rendre est de passer par des anciennes voies de train qui surplombent la ville. L&#8217;acc\u00e8s aux rails est \u00e9galement prot\u00e9g\u00e9 par des grilles, qui sont cependant (trop) facilement franchissables. Une fois dans la fabrique, nous avons observ\u00e9 les multiples tags \u00e9tendus sur les cinq \u00e9tages du b\u00e2timent. Eva s&#8217;est amus\u00e9e \u00e0 ajouter sa petite touche par-ci par-l\u00e0. Le soir, j&#8217;ai un peu visit\u00e9 le centre de Leipzig mais j&#8217;\u00e9tais d\u00e9j\u00e0 tr\u00e8s \u00e9puis\u00e9e par ma journ\u00e9e alors je suis vite rentr\u00e9e me coucher. Le lendemain, nous nous sommes rendues (Eva, sa coloc&#8217; allemande et moi) \u00e0 Dresde pour y voir le march\u00e9 de No\u00ebl. Celui-ci est r\u00e9put\u00e9 pour \u00eatre l&#8217;un des plus beaux Weihnachtsm\u00e4rkte d&#8217;Allemagne, et en effet, nous avons toutes les trois ador\u00e9. Le march\u00e9 s&#8217;\u00e9tendait sur l&#8217;ensemble du centre-ville et il y avait des animations un peu partout. Nous avons pris nos premiers Gl\u00fchwein (vin chaud) de la saison ! Bonn Le week-end suivant, je suis all\u00e9e \u00e0 Bonn pour une formation p\u00e9dagogique. En effet, puisque Camille s&#8217;ennuit toujours dans la vie, elle a d\u00e9cid\u00e9 de s&#8217;inscrire \u00e0 un programme appel\u00e9 &#8220;Europa macht Schule&#8221; (ce qui signifie litt\u00e9ralement &#8220;l&#8217;Europe fait l&#8217;\u00e9cole&#8221;). Ce programme permet aux \u00e9tudiants \u00e9trangers en Allemagne de pr\u00e9senter leur pays aupr\u00e8s d&#8217;\u00e9l\u00e8ves allemands (ils peuvent \u00eatre des enfants de 5 ans comme des \u00e9tudiants de 20 ans &#8211; pour ma part, j&#8217;ai des lyc\u00e9ens). Je vous parlerai un peu plus de ce programme en janvier prochain. Ce week-end \u00e9tait donc aussi l&#8217;occasion de rencontrer des \u00e9tudiants \u00e9trangers qui font leur Erasmus dans d&#8217;autres villes d&#8217;Allemagne. Il s&#8217;av\u00e8re que, par hasard, ma coloc&#8217; Chlo\u00e9, notre amie Liliya et moi-m\u00eame nous sommes retrouv\u00e9es sur le m\u00eame week-end de formation. Nous avons pass\u00e9 un tr\u00e8s bon moment et rencontr\u00e9 des personnes tr\u00e8s int\u00e9ressantes (et accessoirement, nous avons aussi appris quelques petites techniques p\u00e9dagogiques). Voil\u00e0 ! C&#8217;\u00e9tait un petit r\u00e9sum\u00e9 de mes voyages dans d&#8217;autres contr\u00e9es allemandes. J&#8217;esp\u00e8re que le retour en images vous aura plu ! Pour la petite musique cette fois-ci, je vous fais d\u00e9couvrir &#8220;Berlin, Berlin&#8221; de Harald Juhnke (inspir\u00e9 de &#8220;New York, New York&#8221; de Frank Sinatra). Je trouvais que c&#8217;\u00e9tait plut\u00f4t dans l&#8217;esprit de No\u00ebl : https:\/\/www.youtube.com\/watch?v=7xTxD5c-OlI<\/p>\n","protected":false},"author":1,"featured_media":325,"comment_status":"open","ping_status":"open","sticky":false,"template":"","format":"standard","meta":{"footnotes":""},"categories":[63,19,10,68],"tags":[69,65,66,70,75,64,74,71,17,72,67,73],"class_list":["post-317","post","type-post","status-publish","format-standard","has-post-thumbnail","hentry","category-allemagne","category-decouverte","category-visites","category-voyage","tag-bonn","tag-dresde","tag-dresden","tag-europa-macht-schule","tag-gluhwein","tag-leipzig","tag-marche-de-noel","tag-programme","tag-rencontres","tag-urbex","tag-voyage","tag-weihnachtsmarkt"],"acf":[],"_links":{"self":[{"href":"https:\/\/allespalettiinberlin.fr\/index.php?rest_route=\/wp\/v2\/posts\/317","targetHints":{"allow":["GET"]}}],"collection":[{"href":"https:\/\/allespalettiinberlin.fr\/index.php?rest_route=\/wp\/v2\/posts"}],"about":[{"href":"https:\/\/allespalettiinberlin.fr\/index.php?rest_route=\/wp\/v2\/types\/post"}],"author":[{"embeddable":true,"href":"https:\/\/allespalettiinberlin.fr\/index.php?rest_route=\/wp\/v2\/users\/1"}],"replies":[{"embeddable":true,"href":"https:\/\/allespalettiinberlin.fr\/index.php?rest_route=%2Fwp%2Fv2%2Fcomments&post=317"}],"version-history":[{"count":10,"href":"https:\/\/allespalettiinberlin.fr\/index.php?rest_route=\/wp\/v2\/posts\/317\/revisions"}],"predecessor-version":[{"id":368,"href":"https:\/\/allespalettiinberlin.fr\/index.php?rest_route=\/wp\/v2\/posts\/317\/revisions\/368"}],"wp:featuredmedia":[{"embeddable":true,"href":"https:\/\/allespalettiinberlin.fr\/index.php?rest_route=\/wp\/v2\/media\/325"}],"wp:attachment":[{"href":"https:\/\/allespalettiinberlin.fr\/index.php?rest_route=%2Fwp%2Fv2%2Fmedia&parent=317"}],"wp:term":[{"taxonomy":"category","embeddable":true,"href":"https:\/\/allespalettiinberlin.fr\/index.php?rest_route=%2Fwp%2Fv2%2Fcategories&post=317"},{"taxonomy":"post_tag","embeddable":true,"href":"https:\/\/allespalettiinberlin.fr\/index.php?rest_route=%2Fwp%2Fv2%2Ftags&post=317"}],"curies":[{"name":"wp","href":"https:\/\/api.w.org\/{rel}","templated":true}]}}