{"id":319,"date":"2020-01-06T23:25:36","date_gmt":"2020-01-06T22:25:36","guid":{"rendered":"https:\/\/allespalettiinberlin.fr\/?p=319"},"modified":"2020-05-24T00:42:06","modified_gmt":"2020-05-23T22:42:06","slug":"la-magie-de-noel-en-allemagne","status":"publish","type":"post","link":"https:\/\/allespalettiinberlin.fr\/?p=319","title":{"rendered":"La magie de No\u00ebl en Allemagne"},"content":{"rendered":"\n<h3 class=\"wp-block-heading\">Les Weihnachtsm\u00e4rkte<\/h3>\n\n\n\n<p>Apr\u00e8s ces agr\u00e9ables vacances et la fin des f\u00eates, je vous dresse un petit portrait des march\u00e9s de No\u00ebl allemands que j&#8217;ai pu &#8220;visiter&#8221;.  Etant donn\u00e9 que je suis all\u00e9e \u00e0 Leipzig, Dresde et Bonn au mois de d\u00e9cembre, j&#8217;ai pu voir des march\u00e9s tr\u00e8s divers, qui ont tout de m\u00eame en commun le bon Gl\u00fchwein (vin chaud), les encas et sucreries, et surtout, la bonne humeur !<\/p>\n\n\n\n<p>Je vous avais d\u00e9j\u00e0 parl\u00e9 de Leipzig, Dresde et Bonn lors de <a href=\"https:\/\/allespalettiinberlin.fr\/?p=317\">mon dernier article.<\/a> Je vous rajoute quelques photos du march\u00e9 de No\u00ebl de Dresde pour compl\u00e9ter la s\u00e9rie.<\/p>\n\n\n\n<figure class=\"wp-block-gallery aligncenter columns-2 is-cropped wp-block-gallery-1 is-layout-flex wp-block-gallery-is-layout-flex\"><ul class=\"blocks-gallery-grid\"><li class=\"blocks-gallery-item\"><figure><img loading=\"lazy\" decoding=\"async\" width=\"1024\" height=\"683\" src=\"https:\/\/allespalettiinberlin.fr\/wp-content\/uploads\/2020\/01\/Dresde1-1024x683.jpg\" alt=\"\" data-id=\"373\" data-link=\"https:\/\/allespalettiinberlin.fr\/?attachment_id=373\" class=\"wp-image-373\" srcset=\"https:\/\/allespalettiinberlin.fr\/wp-content\/uploads\/2020\/01\/Dresde1-1024x683.jpg 1024w, https:\/\/allespalettiinberlin.fr\/wp-content\/uploads\/2020\/01\/Dresde1-300x200.jpg 300w, https:\/\/allespalettiinberlin.fr\/wp-content\/uploads\/2020\/01\/Dresde1-768x512.jpg 768w, https:\/\/allespalettiinberlin.fr\/wp-content\/uploads\/2020\/01\/Dresde1-1140x760.jpg 1140w\" sizes=\"auto, (max-width: 1024px) 100vw, 1024px\" \/><\/figure><\/li><li class=\"blocks-gallery-item\"><figure><img loading=\"lazy\" decoding=\"async\" width=\"1024\" height=\"683\" src=\"https:\/\/allespalettiinberlin.fr\/wp-content\/uploads\/2020\/01\/Dresde2-1024x683.jpg\" alt=\"\" data-id=\"374\" data-link=\"https:\/\/allespalettiinberlin.fr\/?attachment_id=374\" class=\"wp-image-374\" srcset=\"https:\/\/allespalettiinberlin.fr\/wp-content\/uploads\/2020\/01\/Dresde2-1024x683.jpg 1024w, https:\/\/allespalettiinberlin.fr\/wp-content\/uploads\/2020\/01\/Dresde2-300x200.jpg 300w, https:\/\/allespalettiinberlin.fr\/wp-content\/uploads\/2020\/01\/Dresde2-768x512.jpg 768w, https:\/\/allespalettiinberlin.fr\/wp-content\/uploads\/2020\/01\/Dresde2-1140x760.jpg 1140w\" sizes=\"auto, (max-width: 1024px) 100vw, 1024px\" \/><figcaption class=\"blocks-gallery-item__caption\">Eva &amp; Johanna<\/figcaption><\/figure><\/li><li class=\"blocks-gallery-item\"><figure><img loading=\"lazy\" decoding=\"async\" width=\"1024\" height=\"683\" src=\"https:\/\/allespalettiinberlin.fr\/wp-content\/uploads\/2020\/01\/Dresde4-1024x683.jpg\" alt=\"\" data-id=\"376\" data-link=\"https:\/\/allespalettiinberlin.fr\/?attachment_id=376\" class=\"wp-image-376\" srcset=\"https:\/\/allespalettiinberlin.fr\/wp-content\/uploads\/2020\/01\/Dresde4-1024x683.jpg 1024w, https:\/\/allespalettiinberlin.fr\/wp-content\/uploads\/2020\/01\/Dresde4-300x200.jpg 300w, https:\/\/allespalettiinberlin.fr\/wp-content\/uploads\/2020\/01\/Dresde4-768x512.jpg 768w, https:\/\/allespalettiinberlin.fr\/wp-content\/uploads\/2020\/01\/Dresde4-1140x760.jpg 1140w\" sizes=\"auto, (max-width: 1024px) 100vw, 1024px\" \/><\/figure><\/li><li class=\"blocks-gallery-item\"><figure><img loading=\"lazy\" decoding=\"async\" width=\"1024\" height=\"683\" src=\"https:\/\/allespalettiinberlin.fr\/wp-content\/uploads\/2020\/01\/Dresde5-1024x683.jpg\" alt=\"\" data-id=\"377\" data-link=\"https:\/\/allespalettiinberlin.fr\/?attachment_id=377\" class=\"wp-image-377\" srcset=\"https:\/\/allespalettiinberlin.fr\/wp-content\/uploads\/2020\/01\/Dresde5-1024x683.jpg 1024w, https:\/\/allespalettiinberlin.fr\/wp-content\/uploads\/2020\/01\/Dresde5-300x200.jpg 300w, https:\/\/allespalettiinberlin.fr\/wp-content\/uploads\/2020\/01\/Dresde5-768x512.jpg 768w, https:\/\/allespalettiinberlin.fr\/wp-content\/uploads\/2020\/01\/Dresde5-1140x760.jpg 1140w\" sizes=\"auto, (max-width: 1024px) 100vw, 1024px\" \/><\/figure><\/li><li class=\"blocks-gallery-item\"><figure><img loading=\"lazy\" decoding=\"async\" width=\"683\" height=\"1024\" src=\"https:\/\/allespalettiinberlin.fr\/wp-content\/uploads\/2020\/01\/Dresde3-683x1024.jpg\" alt=\"\" data-id=\"375\" data-link=\"https:\/\/allespalettiinberlin.fr\/?attachment_id=375\" class=\"wp-image-375\" srcset=\"https:\/\/allespalettiinberlin.fr\/wp-content\/uploads\/2020\/01\/Dresde3-683x1024.jpg 683w, https:\/\/allespalettiinberlin.fr\/wp-content\/uploads\/2020\/01\/Dresde3-200x300.jpg 200w, https:\/\/allespalettiinberlin.fr\/wp-content\/uploads\/2020\/01\/Dresde3-768x1152.jpg 768w, https:\/\/allespalettiinberlin.fr\/wp-content\/uploads\/2020\/01\/Dresde3-1140x1710.jpg 1140w\" sizes=\"auto, (max-width: 683px) 100vw, 683px\" \/><\/figure><\/li><\/ul><\/figure>\n\n\n\n<figure class=\"wp-block-video\"><video height=\"1080\" style=\"aspect-ratio: 1920 \/ 1080;\" width=\"1920\" controls src=\"https:\/\/allespalettiinberlin.fr\/wp-content\/uploads\/2020\/01\/MVI_1477.mov\"><\/video><figcaption>Une histoire racont\u00e9e avec des marionettes<\/figcaption><\/figure>\n\n\n\n<p>A Berlin, il existe aussi une quantit\u00e9 infinie de march\u00e9s de No\u00ebl. Je ne pouvais pas tous les faire avant de partir en vacances, d&#8217;autant plus qu&#8217;ils ne sont pas tous aussi bien les uns que les autres (et puis bon, une fois qu&#8217;on en a fait plusieurs, \u00e7a devient un peu r\u00e9barbatif). Parmi les plus connus, il y a notamment le Gendarmenmarkt, que je n&#8217;ai pas fait cette fois-ci car il y a toujours beaucoup de monde et parce que je passais d\u00e9j\u00e0 devant toutes les semaines pour aller \u00e0 la danse. Je me suis donc rendue au march\u00e9 du Schloss Charlottenburg (un ch\u00e2teau), qui est un march\u00e9 tr\u00e8s sympathique avec une belle ambiance. <\/p>\n\n\n\n<div class=\"wp-block-image\"><figure class=\"aligncenter\"><img loading=\"lazy\" decoding=\"async\" width=\"577\" height=\"1024\" src=\"https:\/\/allespalettiinberlin.fr\/wp-content\/uploads\/2020\/01\/66E32C1D-8723-4DD5-AB94-FC922ED6658B-e1578348183952-577x1024.jpg\" alt=\"\" class=\"wp-image-378\" srcset=\"https:\/\/allespalettiinberlin.fr\/wp-content\/uploads\/2020\/01\/66E32C1D-8723-4DD5-AB94-FC922ED6658B-e1578348183952-577x1024.jpg 577w, https:\/\/allespalettiinberlin.fr\/wp-content\/uploads\/2020\/01\/66E32C1D-8723-4DD5-AB94-FC922ED6658B-e1578348183952-169x300.jpg 169w, https:\/\/allespalettiinberlin.fr\/wp-content\/uploads\/2020\/01\/66E32C1D-8723-4DD5-AB94-FC922ED6658B-e1578348183952-768x1363.jpg 768w, https:\/\/allespalettiinberlin.fr\/wp-content\/uploads\/2020\/01\/66E32C1D-8723-4DD5-AB94-FC922ED6658B-e1578348183952-1140x2024.jpg 1140w\" sizes=\"auto, (max-width: 577px) 100vw, 577px\" \/><\/figure><\/div>\n\n\n\n<h3 class=\"wp-block-heading\">C\u00e9l\u00e9brer No\u00ebl entre amis<\/h3>\n\n\n\n<p>Rien ne vaut une bonne p\u00e9riode de f\u00eates sans repas de No\u00ebl et Secret Santa. Nous en avons organis\u00e9 plusieurs dans ma r\u00e9sidence : tout d&#8217;abord une raclette <em>(oui, nous avons trouv\u00e9 un appareil \u00e0 raclette \u00e0 15\u20ac dans le magasin au coin de la rue)<\/em> avec les fran\u00e7ais et suisses de la r\u00e9sidence ainsi que quelques britanniques que nous voulions initier \u00e0 cette coutume. <\/p>\n\n\n\n<div class=\"wp-block-image\"><figure class=\"aligncenter\"><img loading=\"lazy\" decoding=\"async\" width=\"576\" height=\"1024\" src=\"https:\/\/allespalettiinberlin.fr\/wp-content\/uploads\/2020\/01\/DB40F26D-65F9-4790-B1BF-B6C2DC8FDC54-e1578348348349-576x1024.jpg\" alt=\"\" class=\"wp-image-379\" srcset=\"https:\/\/allespalettiinberlin.fr\/wp-content\/uploads\/2020\/01\/DB40F26D-65F9-4790-B1BF-B6C2DC8FDC54-e1578348348349-576x1024.jpg 576w, https:\/\/allespalettiinberlin.fr\/wp-content\/uploads\/2020\/01\/DB40F26D-65F9-4790-B1BF-B6C2DC8FDC54-e1578348348349-169x300.jpg 169w, https:\/\/allespalettiinberlin.fr\/wp-content\/uploads\/2020\/01\/DB40F26D-65F9-4790-B1BF-B6C2DC8FDC54-e1578348348349-768x1365.jpg 768w, https:\/\/allespalettiinberlin.fr\/wp-content\/uploads\/2020\/01\/DB40F26D-65F9-4790-B1BF-B6C2DC8FDC54-e1578348348349-1140x2025.jpg 1140w\" sizes=\"auto, (max-width: 576px) 100vw, 576px\" \/><\/figure><\/div>\n\n\n\n<p>Puis, des Secret Santa entre colocs puis dans un groupe d&#8217;amis de la r\u00e9sidence, chaque fois accompagn\u00e9s d&#8217;un copieux d\u00eener de No\u00ebl. Pour rappel, le principe du Secret Santa est de piocher un nom au hasard parmi un groupe d&#8217;amis et offrir un cadeau \u00e0 cette personne. J&#8217;ai \u00e9galement particip\u00e9 \u00e0 un Wichteln, la version allemande du Secret Santa, o\u00f9 l&#8217;on ne pioche pas de nom mais o\u00f9 on apporte un cadeau qui sera distribu\u00e9 ensuite au hasard. J&#8217;ai ainsi re\u00e7u un appareil photo jetable, un livre de mon amie Liliya et une orchid\u00e9e de mon amie Chlo\u00e9.<\/p>\n\n\n\n<figure class=\"wp-block-gallery aligncenter columns-2 is-cropped wp-block-gallery-2 is-layout-flex wp-block-gallery-is-layout-flex\"><ul class=\"blocks-gallery-grid\"><li class=\"blocks-gallery-item\"><figure><img loading=\"lazy\" decoding=\"async\" width=\"768\" height=\"1024\" src=\"https:\/\/allespalettiinberlin.fr\/wp-content\/uploads\/2020\/01\/IMG_5431-e1578348417464-768x1024.jpg\" alt=\"\" data-id=\"380\" data-link=\"https:\/\/allespalettiinberlin.fr\/?attachment_id=380\" class=\"wp-image-380\" srcset=\"https:\/\/allespalettiinberlin.fr\/wp-content\/uploads\/2020\/01\/IMG_5431-e1578348417464-768x1024.jpg 768w, https:\/\/allespalettiinberlin.fr\/wp-content\/uploads\/2020\/01\/IMG_5431-e1578348417464-225x300.jpg 225w, https:\/\/allespalettiinberlin.fr\/wp-content\/uploads\/2020\/01\/IMG_5431-e1578348417464-1140x1520.jpg 1140w\" sizes=\"auto, (max-width: 768px) 100vw, 768px\" \/><figcaption class=\"blocks-gallery-item__caption\">Les colocs au complet<\/figcaption><\/figure><\/li><li class=\"blocks-gallery-item\"><figure><img loading=\"lazy\" decoding=\"async\" width=\"768\" height=\"1024\" src=\"https:\/\/allespalettiinberlin.fr\/wp-content\/uploads\/2020\/01\/IMG_5432-e1578348446721-768x1024.jpg\" alt=\"\" data-id=\"381\" data-link=\"https:\/\/allespalettiinberlin.fr\/?attachment_id=381\" class=\"wp-image-381\" srcset=\"https:\/\/allespalettiinberlin.fr\/wp-content\/uploads\/2020\/01\/IMG_5432-e1578348446721-768x1024.jpg 768w, https:\/\/allespalettiinberlin.fr\/wp-content\/uploads\/2020\/01\/IMG_5432-e1578348446721-225x300.jpg 225w, https:\/\/allespalettiinberlin.fr\/wp-content\/uploads\/2020\/01\/IMG_5432-e1578348446721-1140x1520.jpg 1140w\" sizes=\"auto, (max-width: 768px) 100vw, 768px\" \/><\/figure><\/li><\/ul><\/figure>\n\n\n\n<h3 class=\"wp-block-heading\">Les illuminations de No\u00ebl<\/h3>\n\n\n\n<p>En Allemagne, \u00e7a ne rigole pas avec No\u00ebl. Tout est d&#8217;un kitchissime absolu. Je vous passe les d\u00e9corations de b\u00e2timents, je pr\u00e9f\u00e8re vous montrer les illuminations du Botanischer Garten, qui se trouve juste \u00e0 c\u00f4t\u00e9 de chez moi. Un parcours a \u00e9t\u00e9 mis en place sp\u00e9cialement pour les f\u00eates : on se prom\u00e8ne dans le parc entier (il faut compter au moins une bonne heure de marche) au gr\u00e9 des jeux de lumi\u00e8res et installations lumineuses. Certaines \u00e9taient kitch, d&#8217;autres vraiment jolies. Je vous laisse faire votre propre avis avec les quelques photos et vid\u00e9os que j&#8217;ai prises.<\/p>\n\n\n\n<figure class=\"wp-block-gallery aligncenter columns-2 is-cropped wp-block-gallery-3 is-layout-flex wp-block-gallery-is-layout-flex\"><ul class=\"blocks-gallery-grid\"><li class=\"blocks-gallery-item\"><figure><img loading=\"lazy\" decoding=\"async\" width=\"1024\" height=\"577\" src=\"https:\/\/allespalettiinberlin.fr\/wp-content\/uploads\/2020\/01\/5FD9450F-5799-4B92-AFAC-C964150719BC-1024x577.jpg\" alt=\"\" data-id=\"383\" data-link=\"https:\/\/allespalettiinberlin.fr\/?attachment_id=383\" class=\"wp-image-383\" srcset=\"https:\/\/allespalettiinberlin.fr\/wp-content\/uploads\/2020\/01\/5FD9450F-5799-4B92-AFAC-C964150719BC-1024x577.jpg 1024w, https:\/\/allespalettiinberlin.fr\/wp-content\/uploads\/2020\/01\/5FD9450F-5799-4B92-AFAC-C964150719BC-300x169.jpg 300w, https:\/\/allespalettiinberlin.fr\/wp-content\/uploads\/2020\/01\/5FD9450F-5799-4B92-AFAC-C964150719BC-768x433.jpg 768w, https:\/\/allespalettiinberlin.fr\/wp-content\/uploads\/2020\/01\/5FD9450F-5799-4B92-AFAC-C964150719BC-1140x642.jpg 1140w\" sizes=\"auto, (max-width: 1024px) 100vw, 1024px\" \/><\/figure><\/li><li class=\"blocks-gallery-item\"><figure><img loading=\"lazy\" decoding=\"async\" width=\"1024\" height=\"577\" src=\"https:\/\/allespalettiinberlin.fr\/wp-content\/uploads\/2020\/01\/3571D396-707F-41A3-BDC1-2FD006B869BA-e1578348839992-1024x577.jpg\" alt=\"\" data-id=\"385\" data-link=\"https:\/\/allespalettiinberlin.fr\/?attachment_id=385\" class=\"wp-image-385\" srcset=\"https:\/\/allespalettiinberlin.fr\/wp-content\/uploads\/2020\/01\/3571D396-707F-41A3-BDC1-2FD006B869BA-e1578348839992-1024x577.jpg 1024w, https:\/\/allespalettiinberlin.fr\/wp-content\/uploads\/2020\/01\/3571D396-707F-41A3-BDC1-2FD006B869BA-e1578348839992-300x169.jpg 300w, https:\/\/allespalettiinberlin.fr\/wp-content\/uploads\/2020\/01\/3571D396-707F-41A3-BDC1-2FD006B869BA-e1578348839992-768x433.jpg 768w, https:\/\/allespalettiinberlin.fr\/wp-content\/uploads\/2020\/01\/3571D396-707F-41A3-BDC1-2FD006B869BA-e1578348839992-1140x642.jpg 1140w\" sizes=\"auto, (max-width: 1024px) 100vw, 1024px\" \/><\/figure><\/li><li class=\"blocks-gallery-item\"><figure><img loading=\"lazy\" decoding=\"async\" width=\"577\" height=\"1024\" src=\"https:\/\/allespalettiinberlin.fr\/wp-content\/uploads\/2020\/01\/396EDB6F-2F6E-4CD4-BF6E-A451B2C1A29D-e1578348808763-577x1024.jpg\" alt=\"\" data-id=\"384\" data-link=\"https:\/\/allespalettiinberlin.fr\/?attachment_id=384\" class=\"wp-image-384\" srcset=\"https:\/\/allespalettiinberlin.fr\/wp-content\/uploads\/2020\/01\/396EDB6F-2F6E-4CD4-BF6E-A451B2C1A29D-e1578348808763-577x1024.jpg 577w, https:\/\/allespalettiinberlin.fr\/wp-content\/uploads\/2020\/01\/396EDB6F-2F6E-4CD4-BF6E-A451B2C1A29D-e1578348808763-169x300.jpg 169w, https:\/\/allespalettiinberlin.fr\/wp-content\/uploads\/2020\/01\/396EDB6F-2F6E-4CD4-BF6E-A451B2C1A29D-e1578348808763-768x1363.jpg 768w, https:\/\/allespalettiinberlin.fr\/wp-content\/uploads\/2020\/01\/396EDB6F-2F6E-4CD4-BF6E-A451B2C1A29D-e1578348808763-1140x2024.jpg 1140w\" sizes=\"auto, (max-width: 577px) 100vw, 577px\" \/><\/figure><\/li><li class=\"blocks-gallery-item\"><figure><img loading=\"lazy\" decoding=\"async\" width=\"577\" height=\"1024\" src=\"https:\/\/allespalettiinberlin.fr\/wp-content\/uploads\/2020\/01\/20325115-1C56-48C0-B135-7BA335C254BA-e1578348857577-577x1024.jpg\" alt=\"\" data-id=\"387\" data-link=\"https:\/\/allespalettiinberlin.fr\/?attachment_id=387\" class=\"wp-image-387\" srcset=\"https:\/\/allespalettiinberlin.fr\/wp-content\/uploads\/2020\/01\/20325115-1C56-48C0-B135-7BA335C254BA-e1578348857577-577x1024.jpg 577w, https:\/\/allespalettiinberlin.fr\/wp-content\/uploads\/2020\/01\/20325115-1C56-48C0-B135-7BA335C254BA-e1578348857577-169x300.jpg 169w, https:\/\/allespalettiinberlin.fr\/wp-content\/uploads\/2020\/01\/20325115-1C56-48C0-B135-7BA335C254BA-e1578348857577-768x1363.jpg 768w, https:\/\/allespalettiinberlin.fr\/wp-content\/uploads\/2020\/01\/20325115-1C56-48C0-B135-7BA335C254BA-e1578348857577-1140x2024.jpg 1140w\" sizes=\"auto, (max-width: 577px) 100vw, 577px\" \/><\/figure><\/li><li class=\"blocks-gallery-item\"><figure><img loading=\"lazy\" decoding=\"async\" width=\"1024\" height=\"577\" src=\"https:\/\/allespalettiinberlin.fr\/wp-content\/uploads\/2020\/01\/09978EB1-2953-4087-80A5-EDDA774A9759-1024x577.jpg\" alt=\"\" data-id=\"386\" data-link=\"https:\/\/allespalettiinberlin.fr\/?attachment_id=386\" class=\"wp-image-386\" srcset=\"https:\/\/allespalettiinberlin.fr\/wp-content\/uploads\/2020\/01\/09978EB1-2953-4087-80A5-EDDA774A9759-1024x577.jpg 1024w, https:\/\/allespalettiinberlin.fr\/wp-content\/uploads\/2020\/01\/09978EB1-2953-4087-80A5-EDDA774A9759-300x169.jpg 300w, https:\/\/allespalettiinberlin.fr\/wp-content\/uploads\/2020\/01\/09978EB1-2953-4087-80A5-EDDA774A9759-768x433.jpg 768w, https:\/\/allespalettiinberlin.fr\/wp-content\/uploads\/2020\/01\/09978EB1-2953-4087-80A5-EDDA774A9759-1140x642.jpg 1140w\" sizes=\"auto, (max-width: 1024px) 100vw, 1024px\" \/><\/figure><\/li><li class=\"blocks-gallery-item\"><figure><img loading=\"lazy\" decoding=\"async\" width=\"1024\" height=\"577\" src=\"https:\/\/allespalettiinberlin.fr\/wp-content\/uploads\/2020\/01\/D6937DFD-6B2F-4CBB-A1EA-41030E02422F-1024x577.jpg\" alt=\"\" data-id=\"388\" data-link=\"https:\/\/allespalettiinberlin.fr\/?attachment_id=388\" class=\"wp-image-388\" srcset=\"https:\/\/allespalettiinberlin.fr\/wp-content\/uploads\/2020\/01\/D6937DFD-6B2F-4CBB-A1EA-41030E02422F-1024x577.jpg 1024w, https:\/\/allespalettiinberlin.fr\/wp-content\/uploads\/2020\/01\/D6937DFD-6B2F-4CBB-A1EA-41030E02422F-300x169.jpg 300w, https:\/\/allespalettiinberlin.fr\/wp-content\/uploads\/2020\/01\/D6937DFD-6B2F-4CBB-A1EA-41030E02422F-768x433.jpg 768w, https:\/\/allespalettiinberlin.fr\/wp-content\/uploads\/2020\/01\/D6937DFD-6B2F-4CBB-A1EA-41030E02422F-1140x642.jpg 1140w\" sizes=\"auto, (max-width: 1024px) 100vw, 1024px\" \/><\/figure><\/li><\/ul><\/figure>\n\n\n\n<figure class=\"wp-block-video\"><video height=\"1278\" style=\"aspect-ratio: 720 \/ 1278;\" width=\"720\" controls src=\"https:\/\/allespalettiinberlin.fr\/wp-content\/uploads\/2020\/01\/7bc3931f70fb46e59d8b0b0a28161b96.mov\"><\/video><\/figure>\n\n\n\n<hr class=\"wp-block-separator is-style-wide\"\/>\n\n\n\n<p>Maintenant, il est temps que je vous souhaites une bonne ann\u00e9e 2020 (&#8220;Frohes neues&#8221; comme disent les berlinois) ! Comme d&#8217;habitude, je finis avec une chanson allemande connue parlant de Berlin. Cette fois, un peu de rap avec Prinz Pi : <a href=\"https:\/\/www.youtube.com\/watch?v=az2Hq_Dbikw\"><a href=\"https:\/\/www.youtube.com\/watch?v=az2Hq_Dbikw\">https:\/\/www.youtube.com\/watch?v=az2Hq_Dbikw<\/a><\/a><\/p>\n","protected":false},"excerpt":{"rendered":"<p>Les Weihnachtsm\u00e4rkte Apr\u00e8s ces agr\u00e9ables vacances et la fin des f\u00eates, je vous dresse un petit portrait des march\u00e9s de No\u00ebl allemands que j&#8217;ai pu &#8220;visiter&#8221;. Etant donn\u00e9 que je suis all\u00e9e \u00e0 Leipzig, Dresde et Bonn au mois de d\u00e9cembre, j&#8217;ai pu voir des march\u00e9s tr\u00e8s divers, qui ont tout de m\u00eame en commun le bon Gl\u00fchwein (vin chaud), les encas et sucreries, et surtout, la bonne humeur ! Je vous avais d\u00e9j\u00e0 parl\u00e9 de Leipzig, Dresde et Bonn lors de mon dernier article. Je vous rajoute quelques photos du march\u00e9 de No\u00ebl de Dresde pour compl\u00e9ter la s\u00e9rie. A Berlin, il existe aussi une quantit\u00e9 infinie de march\u00e9s de No\u00ebl. Je ne pouvais pas tous les faire avant de partir en vacances, d&#8217;autant plus qu&#8217;ils ne sont pas tous aussi bien les uns que les autres (et puis bon, une fois qu&#8217;on en a fait plusieurs, \u00e7a devient un peu r\u00e9barbatif). Parmi les plus connus, il y a notamment le Gendarmenmarkt, que je n&#8217;ai pas fait cette fois-ci car il y a toujours beaucoup de monde et parce que je passais d\u00e9j\u00e0 devant toutes les semaines pour aller \u00e0 la danse. Je me suis donc rendue au march\u00e9 du Schloss Charlottenburg (un ch\u00e2teau), qui est un march\u00e9 tr\u00e8s sympathique avec une belle ambiance. C\u00e9l\u00e9brer No\u00ebl entre amis Rien ne vaut une bonne p\u00e9riode de f\u00eates sans repas de No\u00ebl et Secret Santa. Nous en avons organis\u00e9 plusieurs dans ma r\u00e9sidence : tout d&#8217;abord une raclette (oui, nous avons trouv\u00e9 un appareil \u00e0 raclette \u00e0 15\u20ac dans le magasin au coin de la rue) avec les fran\u00e7ais et suisses de la r\u00e9sidence ainsi que quelques britanniques que nous voulions initier \u00e0 cette coutume. Puis, des Secret Santa entre colocs puis dans un groupe d&#8217;amis de la r\u00e9sidence, chaque fois accompagn\u00e9s d&#8217;un copieux d\u00eener de No\u00ebl. Pour rappel, le principe du Secret Santa est de piocher un nom au hasard parmi un groupe d&#8217;amis et offrir un cadeau \u00e0 cette personne. J&#8217;ai \u00e9galement particip\u00e9 \u00e0 un Wichteln, la version allemande du Secret Santa, o\u00f9 l&#8217;on ne pioche pas de nom mais o\u00f9 on apporte un cadeau qui sera distribu\u00e9 ensuite au hasard. J&#8217;ai ainsi re\u00e7u un appareil photo jetable, un livre de mon amie Liliya et une orchid\u00e9e de mon amie Chlo\u00e9. Les illuminations de No\u00ebl En Allemagne, \u00e7a ne rigole pas avec No\u00ebl. Tout est d&#8217;un kitchissime absolu. Je vous passe les d\u00e9corations de b\u00e2timents, je pr\u00e9f\u00e8re vous montrer les illuminations du Botanischer Garten, qui se trouve juste \u00e0 c\u00f4t\u00e9 de chez moi. Un parcours a \u00e9t\u00e9 mis en place sp\u00e9cialement pour les f\u00eates : on se prom\u00e8ne dans le parc entier (il faut compter au moins une bonne heure de marche) au gr\u00e9 des jeux de lumi\u00e8res et installations lumineuses. Certaines \u00e9taient kitch, d&#8217;autres vraiment jolies. Je vous laisse faire votre propre avis avec les quelques photos et vid\u00e9os que j&#8217;ai prises. Maintenant, il est temps que je vous souhaites une bonne ann\u00e9e 2020 (&#8220;Frohes neues&#8221; comme disent les berlinois) ! Comme d&#8217;habitude, je finis avec une chanson allemande connue parlant de Berlin. Cette fois, un peu de rap avec Prinz Pi : https:\/\/www.youtube.com\/watch?v=az2Hq_Dbikw<\/p>\n","protected":false},"author":1,"featured_media":385,"comment_status":"open","ping_status":"open","sticky":false,"template":"","format":"standard","meta":{"footnotes":""},"categories":[63,19,48],"tags":[78,76,74,77,73],"class_list":["post-319","post","type-post","status-publish","format-standard","has-post-thumbnail","hentry","category-allemagne","category-decouverte","category-festivites","tag-amis","tag-illuminations","tag-marche-de-noel","tag-noel","tag-weihnachtsmarkt"],"acf":[],"_links":{"self":[{"href":"https:\/\/allespalettiinberlin.fr\/index.php?rest_route=\/wp\/v2\/posts\/319","targetHints":{"allow":["GET"]}}],"collection":[{"href":"https:\/\/allespalettiinberlin.fr\/index.php?rest_route=\/wp\/v2\/posts"}],"about":[{"href":"https:\/\/allespalettiinberlin.fr\/index.php?rest_route=\/wp\/v2\/types\/post"}],"author":[{"embeddable":true,"href":"https:\/\/allespalettiinberlin.fr\/index.php?rest_route=\/wp\/v2\/users\/1"}],"replies":[{"embeddable":true,"href":"https:\/\/allespalettiinberlin.fr\/index.php?rest_route=%2Fwp%2Fv2%2Fcomments&post=319"}],"version-history":[{"count":6,"href":"https:\/\/allespalettiinberlin.fr\/index.php?rest_route=\/wp\/v2\/posts\/319\/revisions"}],"predecessor-version":[{"id":518,"href":"https:\/\/allespalettiinberlin.fr\/index.php?rest_route=\/wp\/v2\/posts\/319\/revisions\/518"}],"wp:featuredmedia":[{"embeddable":true,"href":"https:\/\/allespalettiinberlin.fr\/index.php?rest_route=\/wp\/v2\/media\/385"}],"wp:attachment":[{"href":"https:\/\/allespalettiinberlin.fr\/index.php?rest_route=%2Fwp%2Fv2%2Fmedia&parent=319"}],"wp:term":[{"taxonomy":"category","embeddable":true,"href":"https:\/\/allespalettiinberlin.fr\/index.php?rest_route=%2Fwp%2Fv2%2Fcategories&post=319"},{"taxonomy":"post_tag","embeddable":true,"href":"https:\/\/allespalettiinberlin.fr\/index.php?rest_route=%2Fwp%2Fv2%2Ftags&post=319"}],"curies":[{"name":"wp","href":"https:\/\/api.w.org\/{rel}","templated":true}]}}