{"id":396,"date":"2020-02-18T19:48:22","date_gmt":"2020-02-18T18:48:22","guid":{"rendered":"https:\/\/allespalettiinberlin.fr\/?p=396"},"modified":"2020-05-24T00:41:06","modified_gmt":"2020-05-23T22:41:06","slug":"bienvenue-a-prague","status":"publish","type":"post","link":"https:\/\/allespalettiinberlin.fr\/?p=396","title":{"rendered":"Bienvenue \u00e0 Prague"},"content":{"rendered":"\n<p>Avec beaucoup de retard (la p\u00e9riode des partiels oblige), je vous partage enfin mon article sur mon voyage \u00e0 Prague. Le week-end du 10 au 12 janvier, je me suis rendue \u00e0 Prague avec mes amis berlinois et Itagiba, afin de f\u00eater (l\u00e9g\u00e8rement en avance) mon anniversaire. <\/p>\n\n\n\n<h2 class=\"wp-block-heading\">Arriv\u00e9e \u00e0 Prague le vendredi 10 janvier<\/h2>\n\n\n\n<p>Prague est une ville vraiment tr\u00e8s belle tant au niveau des couleurs que de l&#8217;architecture. Apr\u00e8s avoir pass\u00e9 de longs mois \u00e0 Berlin, cela me r\u00e9jouissait de pouvoir \u00e0 nouveau m&#8217;\u00e9merveiller des b\u00e2timents du centre-ville. Nous avons log\u00e9 \u00e0 cinq dans un Airbnb tr\u00e8s bien situ\u00e9, en haut d&#8217;une colline, avec une belle vue sur le ch\u00e2teau de Prague. Comme je suis arriv\u00e9e un peu plus t\u00f4t que les autres, j&#8217;en ai profit\u00e9 pour revoir une amie de Sciences Po qui fait son Erasmus ici, Ana\u00efs. Elle m&#8217;a conseill\u00e9e d&#8217;aller dans le bar Vzorkovna, qu&#8217;ils surnomment aussi &#8220;the dog bar&#8221;, car l&#8217;\u00e9norme chien du propri\u00e9taire se balade entre les salles. En dehors du chien, le bar est aussi \u00e9tonnamment agenc\u00e9 car il \u00e9tait travers\u00e9 de part et d&#8217;autres par des poutres qui diff\u00e9renciaient plusieurs niveaux o\u00f9 l&#8217;on pouvait s&#8217;asseoir : cela cr\u00e9ait une impression de lits superpos\u00e9s, des groupes s&#8217;asseyant au-dessus et d&#8217;autres en-dessous. Il y avait \u00e9galement un concert ce soir-l\u00e0 et le groupe a notamment jou\u00e9 &#8220;La boh\u00e8me&#8221; de Charles Aznavour (chant\u00e9 en fran\u00e7ais !), pour notre plus grand plaisir. <\/p>\n\n\n\n<div class=\"wp-block-image\"><figure class=\"aligncenter is-resized\"><img loading=\"lazy\" decoding=\"async\" src=\"https:\/\/allespalettiinberlin.fr\/wp-content\/uploads\/2020\/02\/Prague1-1024x683.jpg\" alt=\"\" class=\"wp-image-399\" width=\"582\" height=\"387\" srcset=\"https:\/\/allespalettiinberlin.fr\/wp-content\/uploads\/2020\/02\/Prague1-1024x683.jpg 1024w, https:\/\/allespalettiinberlin.fr\/wp-content\/uploads\/2020\/02\/Prague1-300x200.jpg 300w, https:\/\/allespalettiinberlin.fr\/wp-content\/uploads\/2020\/02\/Prague1-768x512.jpg 768w, https:\/\/allespalettiinberlin.fr\/wp-content\/uploads\/2020\/02\/Prague1-1140x760.jpg 1140w\" sizes=\"auto, (max-width: 582px) 100vw, 582px\" \/><figcaption>Le m\u00e9tro pragois<\/figcaption><\/figure><\/div>\n\n\n\n<div class=\"wp-block-image\"><figure class=\"aligncenter\"><img loading=\"lazy\" decoding=\"async\" width=\"959\" height=\"701\" src=\"https:\/\/allespalettiinberlin.fr\/wp-content\/uploads\/2020\/02\/Airbnb.png\" alt=\"\" class=\"wp-image-406\" srcset=\"https:\/\/allespalettiinberlin.fr\/wp-content\/uploads\/2020\/02\/Airbnb.png 959w, https:\/\/allespalettiinberlin.fr\/wp-content\/uploads\/2020\/02\/Airbnb-300x219.png 300w, https:\/\/allespalettiinberlin.fr\/wp-content\/uploads\/2020\/02\/Airbnb-768x561.png 768w\" sizes=\"auto, (max-width: 959px) 100vw, 959px\" \/><figcaption>Notre chambre avec vue sur Prague<\/figcaption><\/figure><\/div>\n\n\n\n<div class=\"wp-block-image\"><figure class=\"aligncenter is-resized\"><img loading=\"lazy\" decoding=\"async\" src=\"https:\/\/allespalettiinberlin.fr\/wp-content\/uploads\/2020\/02\/vzokorvna.png\" alt=\"\" class=\"wp-image-407\" width=\"539\" height=\"354\"\/><figcaption>Le bar Vzoorkovna (photo: http:\/\/pragueoffthemap.com\/drinks\/vzorkovna.html)<\/figcaption><\/figure><\/div>\n\n\n\n<h2 class=\"wp-block-heading\">Journ\u00e9e de visites <\/h2>\n\n\n\n<p>S\u00e9par\u00e9s en plusieurs groupes, nous avons chacun d\u00e9cid\u00e9 de visiter Prague \u00e0 notre rythme. Itagiba et moi \u00e9tions ensemble toute la journ\u00e9e de samedi \u00e0 photographier le centre-ville, les cath\u00e9drales et \u00e9glises, les ponts, l&#8217;op\u00e9ra, les rues&#8230; On a m\u00eame eu le temps de s&#8217;asseoir \u00e0 une table du Caf\u00e9 Louvre, un caf\u00e9 tr\u00e8s chic (mais peu cher, comme tout \u00e0 Prague) o\u00f9 l&#8217;on sert le caf\u00e9 avec des grandes parts de g\u00e2teaux (et ils en avaient sans gluten !!). <\/p>\n\n\n\n<figure class=\"wp-block-gallery columns-2 is-cropped wp-block-gallery-1 is-layout-flex wp-block-gallery-is-layout-flex\"><ul class=\"blocks-gallery-grid\"><li class=\"blocks-gallery-item\"><figure><img loading=\"lazy\" decoding=\"async\" width=\"1024\" height=\"683\" src=\"https:\/\/allespalettiinberlin.fr\/wp-content\/uploads\/2020\/02\/IMG_1491-1-1024x683.jpg\" alt=\"\" data-id=\"412\" data-link=\"https:\/\/allespalettiinberlin.fr\/?attachment_id=412\" class=\"wp-image-412\" srcset=\"https:\/\/allespalettiinberlin.fr\/wp-content\/uploads\/2020\/02\/IMG_1491-1-1024x683.jpg 1024w, https:\/\/allespalettiinberlin.fr\/wp-content\/uploads\/2020\/02\/IMG_1491-1-300x200.jpg 300w, https:\/\/allespalettiinberlin.fr\/wp-content\/uploads\/2020\/02\/IMG_1491-1-768x512.jpg 768w, https:\/\/allespalettiinberlin.fr\/wp-content\/uploads\/2020\/02\/IMG_1491-1-1140x760.jpg 1140w\" sizes=\"auto, (max-width: 1024px) 100vw, 1024px\" \/><figcaption class=\"blocks-gallery-item__caption\">Prague m\u00e9ridien (Prazsky polednik)<\/figcaption><\/figure><\/li><li class=\"blocks-gallery-item\"><figure><img loading=\"lazy\" decoding=\"async\" width=\"1024\" height=\"683\" src=\"https:\/\/allespalettiinberlin.fr\/wp-content\/uploads\/2020\/02\/IMG_1492-1024x683.jpg\" alt=\"\" data-id=\"413\" data-link=\"https:\/\/allespalettiinberlin.fr\/?attachment_id=413\" class=\"wp-image-413\" srcset=\"https:\/\/allespalettiinberlin.fr\/wp-content\/uploads\/2020\/02\/IMG_1492-1024x683.jpg 1024w, https:\/\/allespalettiinberlin.fr\/wp-content\/uploads\/2020\/02\/IMG_1492-300x200.jpg 300w, https:\/\/allespalettiinberlin.fr\/wp-content\/uploads\/2020\/02\/IMG_1492-768x512.jpg 768w, https:\/\/allespalettiinberlin.fr\/wp-content\/uploads\/2020\/02\/IMG_1492-1140x760.jpg 1140w\" sizes=\"auto, (max-width: 1024px) 100vw, 1024px\" \/><figcaption class=\"blocks-gallery-item__caption\"> Prazsky polednik<\/figcaption><\/figure><\/li><li class=\"blocks-gallery-item\"><figure><img loading=\"lazy\" decoding=\"async\" width=\"1024\" height=\"683\" src=\"https:\/\/allespalettiinberlin.fr\/wp-content\/uploads\/2020\/02\/IMG_1495-1024x683.jpg\" alt=\"\" data-id=\"415\" data-link=\"https:\/\/allespalettiinberlin.fr\/?attachment_id=415\" class=\"wp-image-415\" srcset=\"https:\/\/allespalettiinberlin.fr\/wp-content\/uploads\/2020\/02\/IMG_1495-1024x683.jpg 1024w, https:\/\/allespalettiinberlin.fr\/wp-content\/uploads\/2020\/02\/IMG_1495-300x200.jpg 300w, https:\/\/allespalettiinberlin.fr\/wp-content\/uploads\/2020\/02\/IMG_1495-768x512.jpg 768w, https:\/\/allespalettiinberlin.fr\/wp-content\/uploads\/2020\/02\/IMG_1495-1140x760.jpg 1140w\" sizes=\"auto, (max-width: 1024px) 100vw, 1024px\" \/><figcaption class=\"blocks-gallery-item__caption\">Eglise Saint-Nicolas<\/figcaption><\/figure><\/li><li class=\"blocks-gallery-item\"><figure><img loading=\"lazy\" decoding=\"async\" width=\"1024\" height=\"768\" src=\"https:\/\/allespalettiinberlin.fr\/wp-content\/uploads\/2020\/02\/IMG_5452-1-1024x768.jpg\" alt=\"\" data-id=\"420\" data-link=\"https:\/\/allespalettiinberlin.fr\/?attachment_id=420\" class=\"wp-image-420\" srcset=\"https:\/\/allespalettiinberlin.fr\/wp-content\/uploads\/2020\/02\/IMG_5452-1-1024x768.jpg 1024w, https:\/\/allespalettiinberlin.fr\/wp-content\/uploads\/2020\/02\/IMG_5452-1-300x225.jpg 300w, https:\/\/allespalettiinberlin.fr\/wp-content\/uploads\/2020\/02\/IMG_5452-1-768x576.jpg 768w, https:\/\/allespalettiinberlin.fr\/wp-content\/uploads\/2020\/02\/IMG_5452-1-1140x855.jpg 1140w\" sizes=\"auto, (max-width: 1024px) 100vw, 1024px\" \/><figcaption class=\"blocks-gallery-item__caption\">Old Town Square<\/figcaption><\/figure><\/li><li class=\"blocks-gallery-item\"><figure><img loading=\"lazy\" decoding=\"async\" width=\"1024\" height=\"683\" src=\"https:\/\/allespalettiinberlin.fr\/wp-content\/uploads\/2020\/02\/IMG_1501-1024x683.jpg\" alt=\"\" data-id=\"419\" data-link=\"https:\/\/allespalettiinberlin.fr\/?attachment_id=419\" class=\"wp-image-419\" srcset=\"https:\/\/allespalettiinberlin.fr\/wp-content\/uploads\/2020\/02\/IMG_1501-1024x683.jpg 1024w, https:\/\/allespalettiinberlin.fr\/wp-content\/uploads\/2020\/02\/IMG_1501-300x200.jpg 300w, https:\/\/allespalettiinberlin.fr\/wp-content\/uploads\/2020\/02\/IMG_1501-768x512.jpg 768w, https:\/\/allespalettiinberlin.fr\/wp-content\/uploads\/2020\/02\/IMG_1501-1140x760.jpg 1140w\" sizes=\"auto, (max-width: 1024px) 100vw, 1024px\" \/><figcaption class=\"blocks-gallery-item__caption\">Synagogue Klaus<\/figcaption><\/figure><\/li><li class=\"blocks-gallery-item\"><figure><img loading=\"lazy\" decoding=\"async\" width=\"1024\" height=\"768\" src=\"https:\/\/allespalettiinberlin.fr\/wp-content\/uploads\/2020\/02\/IMG_5471-1024x768.jpg\" alt=\"\" data-id=\"421\" data-link=\"https:\/\/allespalettiinberlin.fr\/?attachment_id=421\" class=\"wp-image-421\" srcset=\"https:\/\/allespalettiinberlin.fr\/wp-content\/uploads\/2020\/02\/IMG_5471-1024x768.jpg 1024w, https:\/\/allespalettiinberlin.fr\/wp-content\/uploads\/2020\/02\/IMG_5471-300x225.jpg 300w, https:\/\/allespalettiinberlin.fr\/wp-content\/uploads\/2020\/02\/IMG_5471-768x576.jpg 768w, https:\/\/allespalettiinberlin.fr\/wp-content\/uploads\/2020\/02\/IMG_5471-1140x855.jpg 1140w\" sizes=\"auto, (max-width: 1024px) 100vw, 1024px\" \/><figcaption class=\"blocks-gallery-item__caption\">Rudolfinum<\/figcaption><\/figure><\/li><li class=\"blocks-gallery-item\"><figure><img loading=\"lazy\" decoding=\"async\" width=\"1024\" height=\"683\" src=\"https:\/\/allespalettiinberlin.fr\/wp-content\/uploads\/2020\/02\/IMG_1503-1024x683.jpg\" alt=\"\" data-id=\"418\" data-link=\"https:\/\/allespalettiinberlin.fr\/?attachment_id=418\" class=\"wp-image-418\" srcset=\"https:\/\/allespalettiinberlin.fr\/wp-content\/uploads\/2020\/02\/IMG_1503-1024x683.jpg 1024w, https:\/\/allespalettiinberlin.fr\/wp-content\/uploads\/2020\/02\/IMG_1503-300x200.jpg 300w, https:\/\/allespalettiinberlin.fr\/wp-content\/uploads\/2020\/02\/IMG_1503-768x512.jpg 768w, https:\/\/allespalettiinberlin.fr\/wp-content\/uploads\/2020\/02\/IMG_1503-1140x760.jpg 1140w\" sizes=\"auto, (max-width: 1024px) 100vw, 1024px\" \/><figcaption class=\"blocks-gallery-item__caption\">Vue sur le pont Manes<\/figcaption><\/figure><\/li><li class=\"blocks-gallery-item\"><figure><img loading=\"lazy\" decoding=\"async\" width=\"1024\" height=\"577\" src=\"https:\/\/allespalettiinberlin.fr\/wp-content\/uploads\/2020\/02\/MVJIE7779-1024x577.jpg\" alt=\"\" data-id=\"422\" data-link=\"https:\/\/allespalettiinberlin.fr\/?attachment_id=422\" class=\"wp-image-422\" srcset=\"https:\/\/allespalettiinberlin.fr\/wp-content\/uploads\/2020\/02\/MVJIE7779-1024x577.jpg 1024w, https:\/\/allespalettiinberlin.fr\/wp-content\/uploads\/2020\/02\/MVJIE7779-300x169.jpg 300w, https:\/\/allespalettiinberlin.fr\/wp-content\/uploads\/2020\/02\/MVJIE7779-768x433.jpg 768w, https:\/\/allespalettiinberlin.fr\/wp-content\/uploads\/2020\/02\/MVJIE7779-1140x642.jpg 1140w\" sizes=\"auto, (max-width: 1024px) 100vw, 1024px\" \/><figcaption class=\"blocks-gallery-item__caption\">Vue depuis le pont Charles<\/figcaption><\/figure><\/li><li class=\"blocks-gallery-item\"><figure><img loading=\"lazy\" decoding=\"async\" width=\"1024\" height=\"683\" src=\"https:\/\/allespalettiinberlin.fr\/wp-content\/uploads\/2020\/02\/Prague2-1024x683.jpg\" alt=\"\" data-id=\"424\" data-link=\"https:\/\/allespalettiinberlin.fr\/?attachment_id=424\" class=\"wp-image-424\" srcset=\"https:\/\/allespalettiinberlin.fr\/wp-content\/uploads\/2020\/02\/Prague2-1024x683.jpg 1024w, https:\/\/allespalettiinberlin.fr\/wp-content\/uploads\/2020\/02\/Prague2-300x200.jpg 300w, https:\/\/allespalettiinberlin.fr\/wp-content\/uploads\/2020\/02\/Prague2-768x512.jpg 768w, https:\/\/allespalettiinberlin.fr\/wp-content\/uploads\/2020\/02\/Prague2-1140x760.jpg 1140w\" sizes=\"auto, (max-width: 1024px) 100vw, 1024px\" \/><figcaption class=\"blocks-gallery-item__caption\">Vue sur Prague depuis le clocher Saint-Nicolas<\/figcaption><\/figure><\/li><li class=\"blocks-gallery-item\"><figure><img loading=\"lazy\" decoding=\"async\" width=\"1024\" height=\"577\" src=\"https:\/\/allespalettiinberlin.fr\/wp-content\/uploads\/2020\/02\/EMXKE7810-1024x577.jpg\" alt=\"\" data-id=\"432\" data-link=\"https:\/\/allespalettiinberlin.fr\/?attachment_id=432\" class=\"wp-image-432\" srcset=\"https:\/\/allespalettiinberlin.fr\/wp-content\/uploads\/2020\/02\/EMXKE7810-1024x577.jpg 1024w, https:\/\/allespalettiinberlin.fr\/wp-content\/uploads\/2020\/02\/EMXKE7810-300x169.jpg 300w, https:\/\/allespalettiinberlin.fr\/wp-content\/uploads\/2020\/02\/EMXKE7810-768x433.jpg 768w, https:\/\/allespalettiinberlin.fr\/wp-content\/uploads\/2020\/02\/EMXKE7810-1140x642.jpg 1140w\" sizes=\"auto, (max-width: 1024px) 100vw, 1024px\" \/><figcaption class=\"blocks-gallery-item__caption\">Le mur John Lennon<\/figcaption><\/figure><\/li><li class=\"blocks-gallery-item\"><figure><img loading=\"lazy\" decoding=\"async\" width=\"1024\" height=\"683\" src=\"https:\/\/allespalettiinberlin.fr\/wp-content\/uploads\/2020\/02\/Prague3-1024x683.jpg\" alt=\"\" data-id=\"435\" data-link=\"https:\/\/allespalettiinberlin.fr\/?attachment_id=435\" class=\"wp-image-435\" srcset=\"https:\/\/allespalettiinberlin.fr\/wp-content\/uploads\/2020\/02\/Prague3-1024x683.jpg 1024w, https:\/\/allespalettiinberlin.fr\/wp-content\/uploads\/2020\/02\/Prague3-300x200.jpg 300w, https:\/\/allespalettiinberlin.fr\/wp-content\/uploads\/2020\/02\/Prague3-768x512.jpg 768w, https:\/\/allespalettiinberlin.fr\/wp-content\/uploads\/2020\/02\/Prague3-1140x760.jpg 1140w\" sizes=\"auto, (max-width: 1024px) 100vw, 1024px\" \/><figcaption class=\"blocks-gallery-item__caption\">Le ch\u00e2teau de Prague et sa cath\u00e9drale<\/figcaption><\/figure><\/li><li class=\"blocks-gallery-item\"><figure><img loading=\"lazy\" decoding=\"async\" width=\"1024\" height=\"683\" src=\"https:\/\/allespalettiinberlin.fr\/wp-content\/uploads\/2020\/02\/IMG_1517-1024x683.jpg\" alt=\"\" data-id=\"437\" data-link=\"https:\/\/allespalettiinberlin.fr\/?attachment_id=437\" class=\"wp-image-437\" srcset=\"https:\/\/allespalettiinberlin.fr\/wp-content\/uploads\/2020\/02\/IMG_1517-1024x683.jpg 1024w, https:\/\/allespalettiinberlin.fr\/wp-content\/uploads\/2020\/02\/IMG_1517-300x200.jpg 300w, https:\/\/allespalettiinberlin.fr\/wp-content\/uploads\/2020\/02\/IMG_1517-768x512.jpg 768w, https:\/\/allespalettiinberlin.fr\/wp-content\/uploads\/2020\/02\/IMG_1517-1140x760.jpg 1140w\" sizes=\"auto, (max-width: 1024px) 100vw, 1024px\" \/><figcaption class=\"blocks-gallery-item__caption\">Vue sur le tram<\/figcaption><\/figure><\/li><\/ul><\/figure>\n\n\n\n<figure class=\"wp-block-gallery columns-2 is-cropped wp-block-gallery-2 is-layout-flex wp-block-gallery-is-layout-flex\"><ul class=\"blocks-gallery-grid\"><li class=\"blocks-gallery-item\"><figure><img loading=\"lazy\" decoding=\"async\" width=\"683\" height=\"1024\" src=\"https:\/\/allespalettiinberlin.fr\/wp-content\/uploads\/2020\/02\/IMG_1523-1-e1582049460760-683x1024.jpg\" alt=\"\" data-id=\"426\" data-link=\"https:\/\/allespalettiinberlin.fr\/?attachment_id=426\" class=\"wp-image-426\" srcset=\"https:\/\/allespalettiinberlin.fr\/wp-content\/uploads\/2020\/02\/IMG_1523-1-e1582049460760-683x1024.jpg 683w, https:\/\/allespalettiinberlin.fr\/wp-content\/uploads\/2020\/02\/IMG_1523-1-e1582049460760-200x300.jpg 200w, https:\/\/allespalettiinberlin.fr\/wp-content\/uploads\/2020\/02\/IMG_1523-1-e1582049460760-768x1152.jpg 768w, https:\/\/allespalettiinberlin.fr\/wp-content\/uploads\/2020\/02\/IMG_1523-1-e1582049460760-1140x1710.jpg 1140w\" sizes=\"auto, (max-width: 683px) 100vw, 683px\" \/><figcaption class=\"blocks-gallery-item__caption\">L&#8217;horloge astronomique<\/figcaption><\/figure><\/li><li class=\"blocks-gallery-item\"><figure><img loading=\"lazy\" decoding=\"async\" width=\"768\" height=\"1024\" src=\"https:\/\/allespalettiinberlin.fr\/wp-content\/uploads\/2020\/02\/IMG_5459-1-e1582049564363-768x1024.jpg\" alt=\"\" data-id=\"427\" data-link=\"https:\/\/allespalettiinberlin.fr\/?attachment_id=427\" class=\"wp-image-427\" srcset=\"https:\/\/allespalettiinberlin.fr\/wp-content\/uploads\/2020\/02\/IMG_5459-1-e1582049564363-768x1024.jpg 768w, https:\/\/allespalettiinberlin.fr\/wp-content\/uploads\/2020\/02\/IMG_5459-1-e1582049564363-225x300.jpg 225w, https:\/\/allespalettiinberlin.fr\/wp-content\/uploads\/2020\/02\/IMG_5459-1-e1582049564363-1140x1520.jpg 1140w\" sizes=\"auto, (max-width: 768px) 100vw, 768px\" \/><figcaption class=\"blocks-gallery-item__caption\">Lecteur dans un fauteuil \u00e0 accoudoir (Jaroslav Rona)<\/figcaption><\/figure><\/li><li class=\"blocks-gallery-item\"><figure><img loading=\"lazy\" decoding=\"async\" width=\"577\" height=\"1024\" src=\"https:\/\/allespalettiinberlin.fr\/wp-content\/uploads\/2020\/02\/MWRY8442-e1582049643702-577x1024.jpg\" alt=\"\" data-id=\"430\" data-link=\"https:\/\/allespalettiinberlin.fr\/?attachment_id=430\" class=\"wp-image-430\" srcset=\"https:\/\/allespalettiinberlin.fr\/wp-content\/uploads\/2020\/02\/MWRY8442-e1582049643702-577x1024.jpg 577w, https:\/\/allespalettiinberlin.fr\/wp-content\/uploads\/2020\/02\/MWRY8442-e1582049643702-169x300.jpg 169w, https:\/\/allespalettiinberlin.fr\/wp-content\/uploads\/2020\/02\/MWRY8442-e1582049643702-768x1363.jpg 768w, https:\/\/allespalettiinberlin.fr\/wp-content\/uploads\/2020\/02\/MWRY8442-e1582049643702-1140x2024.jpg 1140w\" sizes=\"auto, (max-width: 577px) 100vw, 577px\" \/><figcaption class=\"blocks-gallery-item__caption\">La tour de la t\u00e9l\u00e9vision<\/figcaption><\/figure><\/li><li class=\"blocks-gallery-item\"><figure><img loading=\"lazy\" decoding=\"async\" width=\"768\" height=\"1024\" src=\"https:\/\/allespalettiinberlin.fr\/wp-content\/uploads\/2020\/02\/IMG_5485-e1582049595557-768x1024.jpg\" alt=\"\" data-id=\"428\" data-link=\"https:\/\/allespalettiinberlin.fr\/?attachment_id=428\" class=\"wp-image-428\" srcset=\"https:\/\/allespalettiinberlin.fr\/wp-content\/uploads\/2020\/02\/IMG_5485-e1582049595557-768x1024.jpg 768w, https:\/\/allespalettiinberlin.fr\/wp-content\/uploads\/2020\/02\/IMG_5485-e1582049595557-225x300.jpg 225w, https:\/\/allespalettiinberlin.fr\/wp-content\/uploads\/2020\/02\/IMG_5485-e1582049595557-1140x1520.jpg 1140w\" sizes=\"auto, (max-width: 768px) 100vw, 768px\" \/><figcaption class=\"blocks-gallery-item__caption\">Regardez qui se r\u00e9gale<\/figcaption><\/figure><\/li><li class=\"blocks-gallery-item\"><figure><img loading=\"lazy\" decoding=\"async\" width=\"1024\" height=\"768\" src=\"https:\/\/allespalettiinberlin.fr\/wp-content\/uploads\/2020\/02\/IMG_5488-1024x768.jpg\" alt=\"\" data-id=\"441\" data-link=\"https:\/\/allespalettiinberlin.fr\/?attachment_id=441\" class=\"wp-image-441\" srcset=\"https:\/\/allespalettiinberlin.fr\/wp-content\/uploads\/2020\/02\/IMG_5488-1024x768.jpg 1024w, https:\/\/allespalettiinberlin.fr\/wp-content\/uploads\/2020\/02\/IMG_5488-300x225.jpg 300w, https:\/\/allespalettiinberlin.fr\/wp-content\/uploads\/2020\/02\/IMG_5488-768x576.jpg 768w, https:\/\/allespalettiinberlin.fr\/wp-content\/uploads\/2020\/02\/IMG_5488-1140x855.jpg 1140w\" sizes=\"auto, (max-width: 1024px) 100vw, 1024px\" \/><figcaption class=\"blocks-gallery-item__caption\">Petite pause au Caf\u00e9 Louvre<\/figcaption><\/figure><\/li><\/ul><\/figure>\n\n\n\n<p>Le samedi soir, mes amis m&#8217;ont fait la surprise de r\u00e9server un tr\u00e8s bon restaurant et m&#8217;ont offert leurs cadeaux. Nous sommes ensuite all\u00e9s dans la &#8220;plus grande bo\u00eete de nuit d&#8217;Europe centrale&#8221;, mais nous avons \u00e9t\u00e9 plut\u00f4t d\u00e9\u00e7us : certes, il y a cinq \u00e9tages avec des th\u00e8mes diff\u00e9rents mais seulement deux \u00e9tages \u00e9taient vraiment int\u00e9ressants. Nous nous sommes tout de m\u00eame bien amus\u00e9s. <\/p>\n\n\n\n<p>Le dimanche, nous avons tranquillement continu\u00e9 \u00e0 visiter Prague avant de repartir dans nos Flixbus vers Berlin. C&#8217;\u00e9tait un beau week-end d&#8217;anniversaire !<\/p>\n\n\n\n<figure class=\"wp-block-video\"><video height=\"1278\" style=\"aspect-ratio: 720 \/ 1278;\" width=\"720\" controls src=\"https:\/\/allespalettiinberlin.fr\/wp-content\/uploads\/2020\/02\/XEXD9036.mov\"><\/video><figcaption>M\u00e9morial pour Kafka<\/figcaption><\/figure>\n\n\n\n<hr class=\"wp-block-separator is-style-wide\"\/>\n\n\n\n<p>Comme d&#8217;habitude, je vous partage une d\u00e9couverte musicale allemande. Cette fois-ci, un peu de jazz avec le groupe Clara Haberkamp Trio, que je suis all\u00e9e voir en concert \u00e0 Berlin au A-Trane Jazzclub il y a deux semaines. Ici, leur titre &#8220;Entwaffne den Mond&#8221; : <a href=\"https:\/\/www.youtube.com\/watch?v=EtbW8Vs8g2g\">https:\/\/www.youtube.com\/watch?v=EtbW8Vs8g2g<\/a><\/p>\n","protected":false},"excerpt":{"rendered":"<p>Avec beaucoup de retard (la p\u00e9riode des partiels oblige), je vous partage enfin mon article sur mon voyage \u00e0 Prague. Le week-end du 10 au 12 janvier, je me suis rendue \u00e0 Prague avec mes amis berlinois et Itagiba, afin de f\u00eater (l\u00e9g\u00e8rement en avance) mon anniversaire. Arriv\u00e9e \u00e0 Prague le vendredi 10 janvier Prague est une ville vraiment tr\u00e8s belle tant au niveau des couleurs que de l&#8217;architecture. Apr\u00e8s avoir pass\u00e9 de longs mois \u00e0 Berlin, cela me r\u00e9jouissait de pouvoir \u00e0 nouveau m&#8217;\u00e9merveiller des b\u00e2timents du centre-ville. Nous avons log\u00e9 \u00e0 cinq dans un Airbnb tr\u00e8s bien situ\u00e9, en haut d&#8217;une colline, avec une belle vue sur le ch\u00e2teau de Prague. Comme je suis arriv\u00e9e un peu plus t\u00f4t que les autres, j&#8217;en ai profit\u00e9 pour revoir une amie de Sciences Po qui fait son Erasmus ici, Ana\u00efs. Elle m&#8217;a conseill\u00e9e d&#8217;aller dans le bar Vzorkovna, qu&#8217;ils surnomment aussi &#8220;the dog bar&#8221;, car l&#8217;\u00e9norme chien du propri\u00e9taire se balade entre les salles. En dehors du chien, le bar est aussi \u00e9tonnamment agenc\u00e9 car il \u00e9tait travers\u00e9 de part et d&#8217;autres par des poutres qui diff\u00e9renciaient plusieurs niveaux o\u00f9 l&#8217;on pouvait s&#8217;asseoir : cela cr\u00e9ait une impression de lits superpos\u00e9s, des groupes s&#8217;asseyant au-dessus et d&#8217;autres en-dessous. Il y avait \u00e9galement un concert ce soir-l\u00e0 et le groupe a notamment jou\u00e9 &#8220;La boh\u00e8me&#8221; de Charles Aznavour (chant\u00e9 en fran\u00e7ais !), pour notre plus grand plaisir. Journ\u00e9e de visites S\u00e9par\u00e9s en plusieurs groupes, nous avons chacun d\u00e9cid\u00e9 de visiter Prague \u00e0 notre rythme. Itagiba et moi \u00e9tions ensemble toute la journ\u00e9e de samedi \u00e0 photographier le centre-ville, les cath\u00e9drales et \u00e9glises, les ponts, l&#8217;op\u00e9ra, les rues&#8230; On a m\u00eame eu le temps de s&#8217;asseoir \u00e0 une table du Caf\u00e9 Louvre, un caf\u00e9 tr\u00e8s chic (mais peu cher, comme tout \u00e0 Prague) o\u00f9 l&#8217;on sert le caf\u00e9 avec des grandes parts de g\u00e2teaux (et ils en avaient sans gluten !!). Le samedi soir, mes amis m&#8217;ont fait la surprise de r\u00e9server un tr\u00e8s bon restaurant et m&#8217;ont offert leurs cadeaux. Nous sommes ensuite all\u00e9s dans la &#8220;plus grande bo\u00eete de nuit d&#8217;Europe centrale&#8221;, mais nous avons \u00e9t\u00e9 plut\u00f4t d\u00e9\u00e7us : certes, il y a cinq \u00e9tages avec des th\u00e8mes diff\u00e9rents mais seulement deux \u00e9tages \u00e9taient vraiment int\u00e9ressants. Nous nous sommes tout de m\u00eame bien amus\u00e9s. Le dimanche, nous avons tranquillement continu\u00e9 \u00e0 visiter Prague avant de repartir dans nos Flixbus vers Berlin. C&#8217;\u00e9tait un beau week-end d&#8217;anniversaire ! Comme d&#8217;habitude, je vous partage une d\u00e9couverte musicale allemande. Cette fois-ci, un peu de jazz avec le groupe Clara Haberkamp Trio, que je suis all\u00e9e voir en concert \u00e0 Berlin au A-Trane Jazzclub il y a deux semaines. Ici, leur titre &#8220;Entwaffne den Mond&#8221; : https:\/\/www.youtube.com\/watch?v=EtbW8Vs8g2g<\/p>\n","protected":false},"author":1,"featured_media":437,"comment_status":"open","ping_status":"open","sticky":false,"template":"","format":"standard","meta":{"footnotes":""},"categories":[19,83,79,68],"tags":[82,80,81,67],"class_list":["post-396","post","type-post","status-publish","format-standard","has-post-thumbnail","hentry","category-decouverte","category-europe","category-republique-tcheque","category-voyage","tag-europe","tag-prague","tag-republique-tcheque","tag-voyage"],"acf":[],"_links":{"self":[{"href":"https:\/\/allespalettiinberlin.fr\/index.php?rest_route=\/wp\/v2\/posts\/396","targetHints":{"allow":["GET"]}}],"collection":[{"href":"https:\/\/allespalettiinberlin.fr\/index.php?rest_route=\/wp\/v2\/posts"}],"about":[{"href":"https:\/\/allespalettiinberlin.fr\/index.php?rest_route=\/wp\/v2\/types\/post"}],"author":[{"embeddable":true,"href":"https:\/\/allespalettiinberlin.fr\/index.php?rest_route=\/wp\/v2\/users\/1"}],"replies":[{"embeddable":true,"href":"https:\/\/allespalettiinberlin.fr\/index.php?rest_route=%2Fwp%2Fv2%2Fcomments&post=396"}],"version-history":[{"count":12,"href":"https:\/\/allespalettiinberlin.fr\/index.php?rest_route=\/wp\/v2\/posts\/396\/revisions"}],"predecessor-version":[{"id":516,"href":"https:\/\/allespalettiinberlin.fr\/index.php?rest_route=\/wp\/v2\/posts\/396\/revisions\/516"}],"wp:featuredmedia":[{"embeddable":true,"href":"https:\/\/allespalettiinberlin.fr\/index.php?rest_route=\/wp\/v2\/media\/437"}],"wp:attachment":[{"href":"https:\/\/allespalettiinberlin.fr\/index.php?rest_route=%2Fwp%2Fv2%2Fmedia&parent=396"}],"wp:term":[{"taxonomy":"category","embeddable":true,"href":"https:\/\/allespalettiinberlin.fr\/index.php?rest_route=%2Fwp%2Fv2%2Fcategories&post=396"},{"taxonomy":"post_tag","embeddable":true,"href":"https:\/\/allespalettiinberlin.fr\/index.php?rest_route=%2Fwp%2Fv2%2Ftags&post=396"}],"curies":[{"name":"wp","href":"https:\/\/api.w.org\/{rel}","templated":true}]}}