{"id":445,"date":"2020-05-24T00:38:33","date_gmt":"2020-05-23T22:38:33","guid":{"rendered":"https:\/\/allespalettiinberlin.fr\/?p=445"},"modified":"2020-09-08T18:41:44","modified_gmt":"2020-09-08T16:41:44","slug":"semesterferien-et-coronavirus","status":"publish","type":"post","link":"https:\/\/allespalettiinberlin.fr\/?p=445","title":{"rendered":"Semesterferien et coronavirus"},"content":{"rendered":"\n<p>Me revoil\u00e0 ! Cela faisait un bon moment que je n&#8217;\u00e9tais pas revenue donner de mes nouvelles ici, et comme vous pouvez vous en douter, ce n&#8217;\u00e9tait par choix mais par contrainte en raison de diverses situations. Je vais donc faire un point tout d&#8217;abord sur mes &#8220;vacances&#8221; d&#8217;inter-semestre entre f\u00e9vrier et avril dans cet article !<\/p>\n\n\n\n<h3 class=\"wp-block-heading\">Premi\u00e8re \u00e9tape : le retour sur Paris <\/h3>\n\n\n\n<p>Je suis retourn\u00e9e \u00e0 Paris le jeudi 27 f\u00e9vrier, et, pour tenir mes engagements \u00e9colos (et parce que j&#8217;en avais le temps), j&#8217;ai d\u00e9cid\u00e9 de faire le trajet par train. Je suis donc partie tr\u00e8s t\u00f4t le jeudi matin de chez moi, avec ma (tr\u00e8s lourde) valise pour prendre un premier train de six heures jusqu&#8217;\u00e0 Aachen (Aix-la-Chapelle). J&#8217;ai ensuite attendu trois heures sur place, le temps de faire un tour de la ville, qui \u00e9tait sous la neige ! J&#8217;avais heureusement pr\u00e9vu la mauvaise m\u00e9t\u00e9o et emmen\u00e9 mes Dr. Martens. Puis, j&#8217;ai pris un dernier train direct vers Paris et je suis arriv\u00e9e \u00e0 21h \u00e0 la maison apr\u00e8s une tr\u00e8s longue journ\u00e9e de voyage. <em>Petite anecdote \u00e9tonnante sur cette journ\u00e9e : j&#8217;\u00e9tais seule avec une vieille femme dans mon compartiment. Celle-ci s&#8217;est confi\u00e9e \u00e0 moi (en allemand) sur sa vie en tant que femme, m\u00e8re, \u00e9pouse et s\u0153ur, me conseillant de ne jamais me marier pour ne pas \u00eatre d\u00e9\u00e7ue et me confiant son \u00e9tat de maladie avanc\u00e9 dont personne dans sa famille n&#8217;\u00e9tait au courant. Cette spontan\u00e9it\u00e9 dans l&#8217;\u00e9change et l&#8217;intensit\u00e9 de l&#8217;\u00e9motion m&#8217;ont touch\u00e9e et transport\u00e9e ; j&#8217;ai cru vivre dans un monde parall\u00e8le pendant un moment.<\/em> <\/p>\n\n\n\n<div class=\"wp-block-group\"><div class=\"wp-block-group__inner-container is-layout-flow wp-block-group-is-layout-flow\">\n<figure class=\"wp-block-gallery aligncenter columns-3 is-cropped wp-block-gallery-1 is-layout-flex wp-block-gallery-is-layout-flex\"><ul class=\"blocks-gallery-grid\"><li class=\"blocks-gallery-item\"><figure><img loading=\"lazy\" decoding=\"async\" width=\"768\" height=\"1024\" src=\"https:\/\/allespalettiinberlin.fr\/wp-content\/uploads\/2020\/05\/IMG_5647-768x1024.jpg\" alt=\"\" data-id=\"450\" data-full-url=\"https:\/\/allespalettiinberlin.fr\/wp-content\/uploads\/2020\/05\/IMG_5647-rotated.jpg\" data-link=\"https:\/\/allespalettiinberlin.fr\/?attachment_id=450\" class=\"wp-image-450\" srcset=\"https:\/\/allespalettiinberlin.fr\/wp-content\/uploads\/2020\/05\/IMG_5647-768x1024.jpg 768w, https:\/\/allespalettiinberlin.fr\/wp-content\/uploads\/2020\/05\/IMG_5647-225x300.jpg 225w, https:\/\/allespalettiinberlin.fr\/wp-content\/uploads\/2020\/05\/IMG_5647-1152x1536.jpg 1152w, https:\/\/allespalettiinberlin.fr\/wp-content\/uploads\/2020\/05\/IMG_5647-1536x2048.jpg 1536w, https:\/\/allespalettiinberlin.fr\/wp-content\/uploads\/2020\/05\/IMG_5647-1140x1520.jpg 1140w\" sizes=\"auto, (max-width: 768px) 100vw, 768px\" \/><\/figure><\/li><li class=\"blocks-gallery-item\"><figure><img loading=\"lazy\" decoding=\"async\" width=\"768\" height=\"1024\" src=\"https:\/\/allespalettiinberlin.fr\/wp-content\/uploads\/2020\/05\/IMG_5649-768x1024.jpg\" alt=\"\" data-id=\"451\" data-full-url=\"https:\/\/allespalettiinberlin.fr\/wp-content\/uploads\/2020\/05\/IMG_5649-rotated.jpg\" data-link=\"https:\/\/allespalettiinberlin.fr\/?attachment_id=451\" class=\"wp-image-451\" srcset=\"https:\/\/allespalettiinberlin.fr\/wp-content\/uploads\/2020\/05\/IMG_5649-768x1024.jpg 768w, https:\/\/allespalettiinberlin.fr\/wp-content\/uploads\/2020\/05\/IMG_5649-225x300.jpg 225w, https:\/\/allespalettiinberlin.fr\/wp-content\/uploads\/2020\/05\/IMG_5649-1152x1536.jpg 1152w, https:\/\/allespalettiinberlin.fr\/wp-content\/uploads\/2020\/05\/IMG_5649-1536x2048.jpg 1536w, https:\/\/allespalettiinberlin.fr\/wp-content\/uploads\/2020\/05\/IMG_5649-1140x1520.jpg 1140w\" sizes=\"auto, (max-width: 768px) 100vw, 768px\" \/><\/figure><\/li><li class=\"blocks-gallery-item\"><figure><img loading=\"lazy\" decoding=\"async\" width=\"768\" height=\"1024\" src=\"https:\/\/allespalettiinberlin.fr\/wp-content\/uploads\/2020\/05\/IMG_5650-768x1024.jpg\" alt=\"\" data-id=\"452\" data-full-url=\"https:\/\/allespalettiinberlin.fr\/wp-content\/uploads\/2020\/05\/IMG_5650-rotated.jpg\" data-link=\"https:\/\/allespalettiinberlin.fr\/?attachment_id=452\" class=\"wp-image-452\" srcset=\"https:\/\/allespalettiinberlin.fr\/wp-content\/uploads\/2020\/05\/IMG_5650-768x1024.jpg 768w, https:\/\/allespalettiinberlin.fr\/wp-content\/uploads\/2020\/05\/IMG_5650-225x300.jpg 225w, https:\/\/allespalettiinberlin.fr\/wp-content\/uploads\/2020\/05\/IMG_5650-1152x1536.jpg 1152w, https:\/\/allespalettiinberlin.fr\/wp-content\/uploads\/2020\/05\/IMG_5650-1536x2048.jpg 1536w, https:\/\/allespalettiinberlin.fr\/wp-content\/uploads\/2020\/05\/IMG_5650-1140x1520.jpg 1140w\" sizes=\"auto, (max-width: 768px) 100vw, 768px\" \/><\/figure><\/li><li class=\"blocks-gallery-item\"><figure><img loading=\"lazy\" decoding=\"async\" width=\"1024\" height=\"768\" src=\"https:\/\/allespalettiinberlin.fr\/wp-content\/uploads\/2020\/05\/IMG_5652-1024x768.jpg\" alt=\"\" data-id=\"454\" data-full-url=\"https:\/\/allespalettiinberlin.fr\/wp-content\/uploads\/2020\/05\/IMG_5652.jpg\" data-link=\"https:\/\/allespalettiinberlin.fr\/?attachment_id=454\" class=\"wp-image-454\" srcset=\"https:\/\/allespalettiinberlin.fr\/wp-content\/uploads\/2020\/05\/IMG_5652-1024x768.jpg 1024w, https:\/\/allespalettiinberlin.fr\/wp-content\/uploads\/2020\/05\/IMG_5652-300x225.jpg 300w, https:\/\/allespalettiinberlin.fr\/wp-content\/uploads\/2020\/05\/IMG_5652-768x576.jpg 768w, https:\/\/allespalettiinberlin.fr\/wp-content\/uploads\/2020\/05\/IMG_5652-1536x1152.jpg 1536w, https:\/\/allespalettiinberlin.fr\/wp-content\/uploads\/2020\/05\/IMG_5652-2048x1536.jpg 2048w, https:\/\/allespalettiinberlin.fr\/wp-content\/uploads\/2020\/05\/IMG_5652-1140x855.jpg 1140w\" sizes=\"auto, (max-width: 1024px) 100vw, 1024px\" \/><\/figure><\/li><li class=\"blocks-gallery-item\"><figure><img loading=\"lazy\" decoding=\"async\" width=\"1024\" height=\"768\" src=\"https:\/\/allespalettiinberlin.fr\/wp-content\/uploads\/2020\/05\/IMG_5654-1024x768.jpg\" alt=\"\" data-id=\"456\" data-full-url=\"https:\/\/allespalettiinberlin.fr\/wp-content\/uploads\/2020\/05\/IMG_5654.jpg\" data-link=\"https:\/\/allespalettiinberlin.fr\/?attachment_id=456\" class=\"wp-image-456\" srcset=\"https:\/\/allespalettiinberlin.fr\/wp-content\/uploads\/2020\/05\/IMG_5654-1024x768.jpg 1024w, https:\/\/allespalettiinberlin.fr\/wp-content\/uploads\/2020\/05\/IMG_5654-300x225.jpg 300w, https:\/\/allespalettiinberlin.fr\/wp-content\/uploads\/2020\/05\/IMG_5654-768x576.jpg 768w, https:\/\/allespalettiinberlin.fr\/wp-content\/uploads\/2020\/05\/IMG_5654-1536x1152.jpg 1536w, https:\/\/allespalettiinberlin.fr\/wp-content\/uploads\/2020\/05\/IMG_5654-2048x1536.jpg 2048w, https:\/\/allespalettiinberlin.fr\/wp-content\/uploads\/2020\/05\/IMG_5654-1140x855.jpg 1140w\" sizes=\"auto, (max-width: 1024px) 100vw, 1024px\" \/><\/figure><\/li><li class=\"blocks-gallery-item\"><figure><img loading=\"lazy\" decoding=\"async\" width=\"1024\" height=\"768\" src=\"https:\/\/allespalettiinberlin.fr\/wp-content\/uploads\/2020\/05\/IMG_5653-1024x768.jpg\" alt=\"\" data-id=\"455\" data-full-url=\"https:\/\/allespalettiinberlin.fr\/wp-content\/uploads\/2020\/05\/IMG_5653.jpg\" data-link=\"https:\/\/allespalettiinberlin.fr\/?attachment_id=455\" class=\"wp-image-455\" srcset=\"https:\/\/allespalettiinberlin.fr\/wp-content\/uploads\/2020\/05\/IMG_5653-1024x768.jpg 1024w, https:\/\/allespalettiinberlin.fr\/wp-content\/uploads\/2020\/05\/IMG_5653-300x225.jpg 300w, https:\/\/allespalettiinberlin.fr\/wp-content\/uploads\/2020\/05\/IMG_5653-768x576.jpg 768w, https:\/\/allespalettiinberlin.fr\/wp-content\/uploads\/2020\/05\/IMG_5653-1536x1152.jpg 1536w, https:\/\/allespalettiinberlin.fr\/wp-content\/uploads\/2020\/05\/IMG_5653-2048x1536.jpg 2048w, https:\/\/allespalettiinberlin.fr\/wp-content\/uploads\/2020\/05\/IMG_5653-1140x855.jpg 1140w\" sizes=\"auto, (max-width: 1024px) 100vw, 1024px\" \/><\/figure><\/li><li class=\"blocks-gallery-item\"><figure><img loading=\"lazy\" decoding=\"async\" width=\"1024\" height=\"768\" src=\"https:\/\/allespalettiinberlin.fr\/wp-content\/uploads\/2020\/05\/IMG_5651-1024x768.jpg\" alt=\"\" data-id=\"453\" data-full-url=\"https:\/\/allespalettiinberlin.fr\/wp-content\/uploads\/2020\/05\/IMG_5651.jpg\" data-link=\"https:\/\/allespalettiinberlin.fr\/?attachment_id=453\" class=\"wp-image-453\" srcset=\"https:\/\/allespalettiinberlin.fr\/wp-content\/uploads\/2020\/05\/IMG_5651-1024x768.jpg 1024w, https:\/\/allespalettiinberlin.fr\/wp-content\/uploads\/2020\/05\/IMG_5651-300x225.jpg 300w, https:\/\/allespalettiinberlin.fr\/wp-content\/uploads\/2020\/05\/IMG_5651-768x576.jpg 768w, https:\/\/allespalettiinberlin.fr\/wp-content\/uploads\/2020\/05\/IMG_5651-1536x1152.jpg 1536w, https:\/\/allespalettiinberlin.fr\/wp-content\/uploads\/2020\/05\/IMG_5651-2048x1536.jpg 2048w, https:\/\/allespalettiinberlin.fr\/wp-content\/uploads\/2020\/05\/IMG_5651-1140x855.jpg 1140w\" sizes=\"auto, (max-width: 1024px) 100vw, 1024px\" \/><\/figure><\/li><\/ul><figcaption class=\"blocks-gallery-caption\"><span class=\"has-inline-color has-luminous-vivid-amber-color\">La ville d&#8217;Aachen avec sa grande cath\u00e9drale, sous la neige.<\/span><\/figcaption><\/figure>\n<\/div><\/div>\n\n\n\n<h3 class=\"wp-block-heading\">Deuxi\u00e8me \u00e9tape : Londres<\/h3>\n\n\n\n<p>A peine arriv\u00e9e \u00e0 Paris que je suis d\u00e9j\u00e0 repartie. Le lendemain, le vendredi 28 f\u00e9vrier, me voil\u00e0 Gare du Nord pr\u00eate \u00e0 embarquer dans l&#8217;Eurostar pour Londres. J&#8217;attendais ce voyage avec impatience, car c&#8217;\u00e9tait le premier que je faisais enti\u00e8rement seule : j&#8217;ai log\u00e9 chez un couple de britanniques, deux hommes tr\u00e8s accueillants et bienveillants, dont j&#8217;avais trouv\u00e9 la chambre \u00e0 louer sur Airbnb. Cela revenait beaucoup moins cher qu&#8217;un h\u00f4tel et avec plus de confort qu&#8217;en auberge de jeunesse. En plus, m\u00eame si j&#8217;\u00e9tais un peu excentr\u00e9e, j&#8217;\u00e9tais situ\u00e9e dans un tr\u00e8s beau quartier : Abbey Road (oui oui, l\u00e0 o\u00f9 les Beatles ont fait leur fameuse photo align\u00e9s sur un passage pi\u00e9ton). <\/p>\n\n\n\n<figure class=\"wp-block-gallery aligncenter columns-2 is-cropped wp-block-gallery-2 is-layout-flex wp-block-gallery-is-layout-flex\"><ul class=\"blocks-gallery-grid\"><li class=\"blocks-gallery-item\"><figure><img loading=\"lazy\" decoding=\"async\" width=\"683\" height=\"1024\" src=\"https:\/\/allespalettiinberlin.fr\/wp-content\/uploads\/2020\/05\/Londres14-683x1024.jpg\" alt=\"\" data-id=\"459\" data-full-url=\"https:\/\/allespalettiinberlin.fr\/wp-content\/uploads\/2020\/05\/Londres14.jpg\" data-link=\"https:\/\/allespalettiinberlin.fr\/?attachment_id=459\" class=\"wp-image-459\" srcset=\"https:\/\/allespalettiinberlin.fr\/wp-content\/uploads\/2020\/05\/Londres14-683x1024.jpg 683w, https:\/\/allespalettiinberlin.fr\/wp-content\/uploads\/2020\/05\/Londres14-200x300.jpg 200w, https:\/\/allespalettiinberlin.fr\/wp-content\/uploads\/2020\/05\/Londres14-768x1152.jpg 768w, https:\/\/allespalettiinberlin.fr\/wp-content\/uploads\/2020\/05\/Londres14-1024x1536.jpg 1024w, https:\/\/allespalettiinberlin.fr\/wp-content\/uploads\/2020\/05\/Londres14-1365x2048.jpg 1365w, https:\/\/allespalettiinberlin.fr\/wp-content\/uploads\/2020\/05\/Londres14-1140x1710.jpg 1140w\" sizes=\"auto, (max-width: 683px) 100vw, 683px\" \/><figcaption class=\"blocks-gallery-item__caption\">La vue depuis ma chambre<\/figcaption><\/figure><\/li><li class=\"blocks-gallery-item\"><figure><img loading=\"lazy\" decoding=\"async\" width=\"683\" height=\"1024\" src=\"https:\/\/allespalettiinberlin.fr\/wp-content\/uploads\/2020\/05\/Londres60-683x1024.jpg\" alt=\"\" data-id=\"460\" data-full-url=\"https:\/\/allespalettiinberlin.fr\/wp-content\/uploads\/2020\/05\/Londres60.jpg\" data-link=\"https:\/\/allespalettiinberlin.fr\/?attachment_id=460\" class=\"wp-image-460\" srcset=\"https:\/\/allespalettiinberlin.fr\/wp-content\/uploads\/2020\/05\/Londres60-683x1024.jpg 683w, https:\/\/allespalettiinberlin.fr\/wp-content\/uploads\/2020\/05\/Londres60-200x300.jpg 200w, https:\/\/allespalettiinberlin.fr\/wp-content\/uploads\/2020\/05\/Londres60-768x1152.jpg 768w, https:\/\/allespalettiinberlin.fr\/wp-content\/uploads\/2020\/05\/Londres60-1024x1536.jpg 1024w, https:\/\/allespalettiinberlin.fr\/wp-content\/uploads\/2020\/05\/Londres60-1365x2048.jpg 1365w, https:\/\/allespalettiinberlin.fr\/wp-content\/uploads\/2020\/05\/Londres60-1140x1710.jpg 1140w\" sizes=\"auto, (max-width: 683px) 100vw, 683px\" \/><\/figure><\/li><li class=\"blocks-gallery-item\"><figure><img loading=\"lazy\" decoding=\"async\" width=\"1024\" height=\"683\" src=\"https:\/\/allespalettiinberlin.fr\/wp-content\/uploads\/2020\/05\/Londres11-1024x683.jpg\" alt=\"\" data-id=\"458\" data-full-url=\"https:\/\/allespalettiinberlin.fr\/wp-content\/uploads\/2020\/05\/Londres11.jpg\" data-link=\"https:\/\/allespalettiinberlin.fr\/?attachment_id=458\" class=\"wp-image-458\" srcset=\"https:\/\/allespalettiinberlin.fr\/wp-content\/uploads\/2020\/05\/Londres11-1024x683.jpg 1024w, https:\/\/allespalettiinberlin.fr\/wp-content\/uploads\/2020\/05\/Londres11-300x200.jpg 300w, https:\/\/allespalettiinberlin.fr\/wp-content\/uploads\/2020\/05\/Londres11-768x512.jpg 768w, https:\/\/allespalettiinberlin.fr\/wp-content\/uploads\/2020\/05\/Londres11-1536x1024.jpg 1536w, https:\/\/allespalettiinberlin.fr\/wp-content\/uploads\/2020\/05\/Londres11-2048x1365.jpg 2048w, https:\/\/allespalettiinberlin.fr\/wp-content\/uploads\/2020\/05\/Londres11-1140x760.jpg 1140w\" sizes=\"auto, (max-width: 1024px) 100vw, 1024px\" \/><figcaption class=\"blocks-gallery-item__caption\">Les maisons du quartier d&#8217;Abbey Road<\/figcaption><\/figure><\/li><\/ul><figcaption class=\"blocks-gallery-caption\"><span class=\"has-inline-color has-luminous-vivid-amber-color\">Mon quartier de r\u00e9sidence en ces 5 jours<\/span><\/figcaption><\/figure>\n\n\n\n<p>J&#8217;ai pu visiter beaucoup de grands monuments c\u00e9l\u00e8bres : des \u00e9glises et cath\u00e9drales, des ponts, des tours, des b\u00e2timents royaux, etc. En plus d&#8217;avoir eu un temps tr\u00e8s cl\u00e9ment et beaucoup de soleil, j&#8217;ai aussi pu aller voir un ballet, Oneguine, au Royal Ballet, et retrouver mon amie sciencepiste Chlo\u00e9 qui faisait son Erasmus \u00e0 King&#8217;s College : nous sommes all\u00e9es au Tate Museum ensemble, nous avons bu un verre dans un pub \u00e0 c\u00f4t\u00e9 de chez elle, et nous sommes all\u00e9es voir un drag show dans le quartier gay. <em>Petite anecdote amusante: Je me suis fait aussi des amis \u00e9cureuils dans le Hyde Park : habitu\u00e9s \u00e0 \u00eatre nourris par les touristes, ils n&#8217;ont absolument pas peur de la pr\u00e9sence humaine. Pensant que j&#8217;allais leur donner de la nourriture, ils me sont mont\u00e9s dessus alors que j&#8217;\u00e9tais accroupie en train de les photographier. Tr\u00e8s \u00e9tonnant de les voir de si pr\u00e8s.  <\/em><\/p>\n\n\n\n<div class=\"wp-block-group\"><div class=\"wp-block-group__inner-container is-layout-flow wp-block-group-is-layout-flow\">\n<figure class=\"wp-block-gallery aligncenter columns-3 is-cropped wp-block-gallery-3 is-layout-flex wp-block-gallery-is-layout-flex\"><ul class=\"blocks-gallery-grid\"><li class=\"blocks-gallery-item\"><figure><img loading=\"lazy\" decoding=\"async\" width=\"1024\" height=\"683\" src=\"https:\/\/allespalettiinberlin.fr\/wp-content\/uploads\/2020\/05\/Londres3-1024x683.jpg\" alt=\"\" data-id=\"463\" data-full-url=\"https:\/\/allespalettiinberlin.fr\/wp-content\/uploads\/2020\/05\/Londres3.jpg\" data-link=\"https:\/\/allespalettiinberlin.fr\/?attachment_id=463\" class=\"wp-image-463\" srcset=\"https:\/\/allespalettiinberlin.fr\/wp-content\/uploads\/2020\/05\/Londres3-1024x683.jpg 1024w, https:\/\/allespalettiinberlin.fr\/wp-content\/uploads\/2020\/05\/Londres3-300x200.jpg 300w, https:\/\/allespalettiinberlin.fr\/wp-content\/uploads\/2020\/05\/Londres3-768x512.jpg 768w, https:\/\/allespalettiinberlin.fr\/wp-content\/uploads\/2020\/05\/Londres3-1536x1024.jpg 1536w, https:\/\/allespalettiinberlin.fr\/wp-content\/uploads\/2020\/05\/Londres3-2048x1365.jpg 2048w, https:\/\/allespalettiinberlin.fr\/wp-content\/uploads\/2020\/05\/Londres3-1140x760.jpg 1140w\" sizes=\"auto, (max-width: 1024px) 100vw, 1024px\" \/><\/figure><\/li><li class=\"blocks-gallery-item\"><figure><img loading=\"lazy\" decoding=\"async\" width=\"1024\" height=\"679\" src=\"https:\/\/allespalettiinberlin.fr\/wp-content\/uploads\/2020\/05\/Londres4-1024x679.jpg\" alt=\"\" data-id=\"464\" data-full-url=\"https:\/\/allespalettiinberlin.fr\/wp-content\/uploads\/2020\/05\/Londres4.jpg\" data-link=\"https:\/\/allespalettiinberlin.fr\/?attachment_id=464\" class=\"wp-image-464\" srcset=\"https:\/\/allespalettiinberlin.fr\/wp-content\/uploads\/2020\/05\/Londres4-1024x679.jpg 1024w, https:\/\/allespalettiinberlin.fr\/wp-content\/uploads\/2020\/05\/Londres4-300x199.jpg 300w, https:\/\/allespalettiinberlin.fr\/wp-content\/uploads\/2020\/05\/Londres4-768x509.jpg 768w, https:\/\/allespalettiinberlin.fr\/wp-content\/uploads\/2020\/05\/Londres4-1536x1019.jpg 1536w, https:\/\/allespalettiinberlin.fr\/wp-content\/uploads\/2020\/05\/Londres4-2048x1358.jpg 2048w, https:\/\/allespalettiinberlin.fr\/wp-content\/uploads\/2020\/05\/Londres4-1140x756.jpg 1140w\" sizes=\"auto, (max-width: 1024px) 100vw, 1024px\" \/><\/figure><\/li><li class=\"blocks-gallery-item\"><figure><img loading=\"lazy\" decoding=\"async\" width=\"1024\" height=\"683\" src=\"https:\/\/allespalettiinberlin.fr\/wp-content\/uploads\/2020\/05\/Londres9-1024x683.jpg\" alt=\"\" data-id=\"465\" data-full-url=\"https:\/\/allespalettiinberlin.fr\/wp-content\/uploads\/2020\/05\/Londres9.jpg\" data-link=\"https:\/\/allespalettiinberlin.fr\/?attachment_id=465\" class=\"wp-image-465\" srcset=\"https:\/\/allespalettiinberlin.fr\/wp-content\/uploads\/2020\/05\/Londres9-1024x683.jpg 1024w, https:\/\/allespalettiinberlin.fr\/wp-content\/uploads\/2020\/05\/Londres9-300x200.jpg 300w, https:\/\/allespalettiinberlin.fr\/wp-content\/uploads\/2020\/05\/Londres9-768x512.jpg 768w, https:\/\/allespalettiinberlin.fr\/wp-content\/uploads\/2020\/05\/Londres9-1536x1024.jpg 1536w, https:\/\/allespalettiinberlin.fr\/wp-content\/uploads\/2020\/05\/Londres9-2048x1365.jpg 2048w, https:\/\/allespalettiinberlin.fr\/wp-content\/uploads\/2020\/05\/Londres9-1140x760.jpg 1140w\" sizes=\"auto, (max-width: 1024px) 100vw, 1024px\" \/><\/figure><\/li><li class=\"blocks-gallery-item\"><figure><img loading=\"lazy\" decoding=\"async\" width=\"792\" height=\"1024\" src=\"https:\/\/allespalettiinberlin.fr\/wp-content\/uploads\/2020\/05\/Londres19-792x1024.jpg\" alt=\"\" data-id=\"469\" data-full-url=\"https:\/\/allespalettiinberlin.fr\/wp-content\/uploads\/2020\/05\/Londres19.jpg\" data-link=\"https:\/\/allespalettiinberlin.fr\/?attachment_id=469\" class=\"wp-image-469\" srcset=\"https:\/\/allespalettiinberlin.fr\/wp-content\/uploads\/2020\/05\/Londres19-792x1024.jpg 792w, https:\/\/allespalettiinberlin.fr\/wp-content\/uploads\/2020\/05\/Londres19-232x300.jpg 232w, https:\/\/allespalettiinberlin.fr\/wp-content\/uploads\/2020\/05\/Londres19-768x992.jpg 768w, https:\/\/allespalettiinberlin.fr\/wp-content\/uploads\/2020\/05\/Londres19-1189x1536.jpg 1189w, https:\/\/allespalettiinberlin.fr\/wp-content\/uploads\/2020\/05\/Londres19-1585x2048.jpg 1585w, https:\/\/allespalettiinberlin.fr\/wp-content\/uploads\/2020\/05\/Londres19-1140x1473.jpg 1140w\" sizes=\"auto, (max-width: 792px) 100vw, 792px\" \/><figcaption class=\"blocks-gallery-item__caption\">&#8220;No swimming&#8221;<\/figcaption><\/figure><\/li><li class=\"blocks-gallery-item\"><figure><img loading=\"lazy\" decoding=\"async\" width=\"683\" height=\"1024\" src=\"https:\/\/allespalettiinberlin.fr\/wp-content\/uploads\/2020\/05\/Londres17-683x1024.jpg\" alt=\"\" data-id=\"468\" data-full-url=\"https:\/\/allespalettiinberlin.fr\/wp-content\/uploads\/2020\/05\/Londres17.jpg\" data-link=\"https:\/\/allespalettiinberlin.fr\/?attachment_id=468\" class=\"wp-image-468\" srcset=\"https:\/\/allespalettiinberlin.fr\/wp-content\/uploads\/2020\/05\/Londres17-683x1024.jpg 683w, https:\/\/allespalettiinberlin.fr\/wp-content\/uploads\/2020\/05\/Londres17-200x300.jpg 200w, https:\/\/allespalettiinberlin.fr\/wp-content\/uploads\/2020\/05\/Londres17-768x1152.jpg 768w, https:\/\/allespalettiinberlin.fr\/wp-content\/uploads\/2020\/05\/Londres17-1024x1536.jpg 1024w, https:\/\/allespalettiinberlin.fr\/wp-content\/uploads\/2020\/05\/Londres17-1365x2048.jpg 1365w, https:\/\/allespalettiinberlin.fr\/wp-content\/uploads\/2020\/05\/Londres17-1140x1710.jpg 1140w\" sizes=\"auto, (max-width: 683px) 100vw, 683px\" \/><\/figure><\/li><li class=\"blocks-gallery-item\"><figure><img loading=\"lazy\" decoding=\"async\" width=\"608\" height=\"1024\" src=\"https:\/\/allespalettiinberlin.fr\/wp-content\/uploads\/2020\/05\/Londres42-608x1024.jpg\" alt=\"\" data-id=\"473\" data-full-url=\"https:\/\/allespalettiinberlin.fr\/wp-content\/uploads\/2020\/05\/Londres42.jpg\" data-link=\"https:\/\/allespalettiinberlin.fr\/?attachment_id=473\" class=\"wp-image-473\" srcset=\"https:\/\/allespalettiinberlin.fr\/wp-content\/uploads\/2020\/05\/Londres42-608x1024.jpg 608w, https:\/\/allespalettiinberlin.fr\/wp-content\/uploads\/2020\/05\/Londres42-178x300.jpg 178w, https:\/\/allespalettiinberlin.fr\/wp-content\/uploads\/2020\/05\/Londres42-768x1293.jpg 768w, https:\/\/allespalettiinberlin.fr\/wp-content\/uploads\/2020\/05\/Londres42-912x1536.jpg 912w, https:\/\/allespalettiinberlin.fr\/wp-content\/uploads\/2020\/05\/Londres42-1216x2048.jpg 1216w, https:\/\/allespalettiinberlin.fr\/wp-content\/uploads\/2020\/05\/Londres42-1140x1920.jpg 1140w\" sizes=\"auto, (max-width: 608px) 100vw, 608px\" \/><figcaption class=\"blocks-gallery-item__caption\">&#8220;Take courage&#8221;<\/figcaption><\/figure><\/li><li class=\"blocks-gallery-item\"><figure><img loading=\"lazy\" decoding=\"async\" width=\"1024\" height=\"683\" src=\"https:\/\/allespalettiinberlin.fr\/wp-content\/uploads\/2020\/05\/Londres15-1024x683.jpg\" alt=\"\" data-id=\"467\" data-full-url=\"https:\/\/allespalettiinberlin.fr\/wp-content\/uploads\/2020\/05\/Londres15.jpg\" data-link=\"https:\/\/allespalettiinberlin.fr\/?attachment_id=467\" class=\"wp-image-467\" srcset=\"https:\/\/allespalettiinberlin.fr\/wp-content\/uploads\/2020\/05\/Londres15-1024x683.jpg 1024w, https:\/\/allespalettiinberlin.fr\/wp-content\/uploads\/2020\/05\/Londres15-300x200.jpg 300w, https:\/\/allespalettiinberlin.fr\/wp-content\/uploads\/2020\/05\/Londres15-768x512.jpg 768w, https:\/\/allespalettiinberlin.fr\/wp-content\/uploads\/2020\/05\/Londres15-1536x1024.jpg 1536w, https:\/\/allespalettiinberlin.fr\/wp-content\/uploads\/2020\/05\/Londres15-2048x1365.jpg 2048w, https:\/\/allespalettiinberlin.fr\/wp-content\/uploads\/2020\/05\/Londres15-1140x760.jpg 1140w\" sizes=\"auto, (max-width: 1024px) 100vw, 1024px\" \/><\/figure><\/li><li class=\"blocks-gallery-item\"><figure><img loading=\"lazy\" decoding=\"async\" width=\"1024\" height=\"701\" src=\"https:\/\/allespalettiinberlin.fr\/wp-content\/uploads\/2020\/05\/Londres10-1024x701.jpg\" alt=\"\" data-id=\"466\" data-full-url=\"https:\/\/allespalettiinberlin.fr\/wp-content\/uploads\/2020\/05\/Londres10.jpg\" data-link=\"https:\/\/allespalettiinberlin.fr\/?attachment_id=466\" class=\"wp-image-466\" srcset=\"https:\/\/allespalettiinberlin.fr\/wp-content\/uploads\/2020\/05\/Londres10-1024x701.jpg 1024w, https:\/\/allespalettiinberlin.fr\/wp-content\/uploads\/2020\/05\/Londres10-300x205.jpg 300w, https:\/\/allespalettiinberlin.fr\/wp-content\/uploads\/2020\/05\/Londres10-768x525.jpg 768w, https:\/\/allespalettiinberlin.fr\/wp-content\/uploads\/2020\/05\/Londres10-1536x1051.jpg 1536w, https:\/\/allespalettiinberlin.fr\/wp-content\/uploads\/2020\/05\/Londres10-2048x1401.jpg 2048w, https:\/\/allespalettiinberlin.fr\/wp-content\/uploads\/2020\/05\/Londres10-1140x780.jpg 1140w\" sizes=\"auto, (max-width: 1024px) 100vw, 1024px\" \/><\/figure><\/li><li class=\"blocks-gallery-item\"><figure><img loading=\"lazy\" decoding=\"async\" width=\"1024\" height=\"681\" src=\"https:\/\/allespalettiinberlin.fr\/wp-content\/uploads\/2020\/05\/Londres27-1024x681.jpg\" alt=\"\" data-id=\"470\" data-full-url=\"https:\/\/allespalettiinberlin.fr\/wp-content\/uploads\/2020\/05\/Londres27.jpg\" data-link=\"https:\/\/allespalettiinberlin.fr\/?attachment_id=470\" class=\"wp-image-470\" srcset=\"https:\/\/allespalettiinberlin.fr\/wp-content\/uploads\/2020\/05\/Londres27-1024x681.jpg 1024w, https:\/\/allespalettiinberlin.fr\/wp-content\/uploads\/2020\/05\/Londres27-300x200.jpg 300w, https:\/\/allespalettiinberlin.fr\/wp-content\/uploads\/2020\/05\/Londres27-768x511.jpg 768w, https:\/\/allespalettiinberlin.fr\/wp-content\/uploads\/2020\/05\/Londres27-1536x1022.jpg 1536w, https:\/\/allespalettiinberlin.fr\/wp-content\/uploads\/2020\/05\/Londres27-2048x1362.jpg 2048w, https:\/\/allespalettiinberlin.fr\/wp-content\/uploads\/2020\/05\/Londres27-1140x758.jpg 1140w\" sizes=\"auto, (max-width: 1024px) 100vw, 1024px\" \/><\/figure><\/li><li class=\"blocks-gallery-item\"><figure><img loading=\"lazy\" decoding=\"async\" width=\"1024\" height=\"683\" src=\"https:\/\/allespalettiinberlin.fr\/wp-content\/uploads\/2020\/05\/Londres37-1024x683.jpg\" alt=\"\" data-id=\"472\" data-full-url=\"https:\/\/allespalettiinberlin.fr\/wp-content\/uploads\/2020\/05\/Londres37.jpg\" data-link=\"https:\/\/allespalettiinberlin.fr\/?attachment_id=472\" class=\"wp-image-472\" srcset=\"https:\/\/allespalettiinberlin.fr\/wp-content\/uploads\/2020\/05\/Londres37-1024x683.jpg 1024w, https:\/\/allespalettiinberlin.fr\/wp-content\/uploads\/2020\/05\/Londres37-300x200.jpg 300w, https:\/\/allespalettiinberlin.fr\/wp-content\/uploads\/2020\/05\/Londres37-768x512.jpg 768w, https:\/\/allespalettiinberlin.fr\/wp-content\/uploads\/2020\/05\/Londres37-1536x1024.jpg 1536w, https:\/\/allespalettiinberlin.fr\/wp-content\/uploads\/2020\/05\/Londres37-2048x1365.jpg 2048w, https:\/\/allespalettiinberlin.fr\/wp-content\/uploads\/2020\/05\/Londres37-1140x760.jpg 1140w\" sizes=\"auto, (max-width: 1024px) 100vw, 1024px\" \/><\/figure><\/li><li class=\"blocks-gallery-item\"><figure><img loading=\"lazy\" decoding=\"async\" width=\"1024\" height=\"672\" src=\"https:\/\/allespalettiinberlin.fr\/wp-content\/uploads\/2020\/05\/Londres48-1024x672.jpg\" alt=\"\" data-id=\"474\" data-full-url=\"https:\/\/allespalettiinberlin.fr\/wp-content\/uploads\/2020\/05\/Londres48.jpg\" data-link=\"https:\/\/allespalettiinberlin.fr\/?attachment_id=474\" class=\"wp-image-474\" srcset=\"https:\/\/allespalettiinberlin.fr\/wp-content\/uploads\/2020\/05\/Londres48-1024x672.jpg 1024w, https:\/\/allespalettiinberlin.fr\/wp-content\/uploads\/2020\/05\/Londres48-300x197.jpg 300w, https:\/\/allespalettiinberlin.fr\/wp-content\/uploads\/2020\/05\/Londres48-768x504.jpg 768w, https:\/\/allespalettiinberlin.fr\/wp-content\/uploads\/2020\/05\/Londres48-1536x1009.jpg 1536w, https:\/\/allespalettiinberlin.fr\/wp-content\/uploads\/2020\/05\/Londres48-2048x1345.jpg 2048w, https:\/\/allespalettiinberlin.fr\/wp-content\/uploads\/2020\/05\/Londres48-1140x749.jpg 1140w\" sizes=\"auto, (max-width: 1024px) 100vw, 1024px\" \/><\/figure><\/li><li class=\"blocks-gallery-item\"><figure><img loading=\"lazy\" decoding=\"async\" width=\"1024\" height=\"683\" src=\"https:\/\/allespalettiinberlin.fr\/wp-content\/uploads\/2020\/05\/Londres52-1024x683.jpg\" alt=\"\" data-id=\"475\" data-full-url=\"https:\/\/allespalettiinberlin.fr\/wp-content\/uploads\/2020\/05\/Londres52.jpg\" data-link=\"https:\/\/allespalettiinberlin.fr\/?attachment_id=475\" class=\"wp-image-475\" srcset=\"https:\/\/allespalettiinberlin.fr\/wp-content\/uploads\/2020\/05\/Londres52-1024x683.jpg 1024w, https:\/\/allespalettiinberlin.fr\/wp-content\/uploads\/2020\/05\/Londres52-300x200.jpg 300w, https:\/\/allespalettiinberlin.fr\/wp-content\/uploads\/2020\/05\/Londres52-768x512.jpg 768w, https:\/\/allespalettiinberlin.fr\/wp-content\/uploads\/2020\/05\/Londres52-1536x1024.jpg 1536w, https:\/\/allespalettiinberlin.fr\/wp-content\/uploads\/2020\/05\/Londres52-2048x1365.jpg 2048w, https:\/\/allespalettiinberlin.fr\/wp-content\/uploads\/2020\/05\/Londres52-1140x760.jpg 1140w\" sizes=\"auto, (max-width: 1024px) 100vw, 1024px\" \/><\/figure><\/li><\/ul><\/figure>\n<\/div><\/div>\n\n\n\n<div class=\"wp-block-group\"><div class=\"wp-block-group__inner-container is-layout-flow wp-block-group-is-layout-flow\">\n<figure class=\"wp-block-gallery columns-3 is-cropped wp-block-gallery-4 is-layout-flex wp-block-gallery-is-layout-flex\"><ul class=\"blocks-gallery-grid\"><li class=\"blocks-gallery-item\"><figure><img loading=\"lazy\" decoding=\"async\" width=\"768\" height=\"1024\" src=\"https:\/\/allespalettiinberlin.fr\/wp-content\/uploads\/2020\/05\/IMG_5741-768x1024.jpg\" alt=\"\" data-id=\"476\" data-full-url=\"https:\/\/allespalettiinberlin.fr\/wp-content\/uploads\/2020\/05\/IMG_5741-rotated.jpg\" data-link=\"https:\/\/allespalettiinberlin.fr\/?attachment_id=476\" class=\"wp-image-476\" srcset=\"https:\/\/allespalettiinberlin.fr\/wp-content\/uploads\/2020\/05\/IMG_5741-768x1024.jpg 768w, https:\/\/allespalettiinberlin.fr\/wp-content\/uploads\/2020\/05\/IMG_5741-225x300.jpg 225w, https:\/\/allespalettiinberlin.fr\/wp-content\/uploads\/2020\/05\/IMG_5741-1152x1536.jpg 1152w, https:\/\/allespalettiinberlin.fr\/wp-content\/uploads\/2020\/05\/IMG_5741-1536x2048.jpg 1536w, https:\/\/allespalettiinberlin.fr\/wp-content\/uploads\/2020\/05\/IMG_5741-1140x1520.jpg 1140w\" sizes=\"auto, (max-width: 768px) 100vw, 768px\" \/><figcaption class=\"blocks-gallery-item__caption\">Le salon de mon Airbnb<\/figcaption><\/figure><\/li><li class=\"blocks-gallery-item\"><figure><img loading=\"lazy\" decoding=\"async\" width=\"768\" height=\"1024\" src=\"https:\/\/allespalettiinberlin.fr\/wp-content\/uploads\/2020\/05\/IMG_5743-768x1024.jpg\" alt=\"\" data-id=\"477\" data-full-url=\"https:\/\/allespalettiinberlin.fr\/wp-content\/uploads\/2020\/05\/IMG_5743-rotated.jpg\" data-link=\"https:\/\/allespalettiinberlin.fr\/?attachment_id=477\" class=\"wp-image-477\" srcset=\"https:\/\/allespalettiinberlin.fr\/wp-content\/uploads\/2020\/05\/IMG_5743-768x1024.jpg 768w, https:\/\/allespalettiinberlin.fr\/wp-content\/uploads\/2020\/05\/IMG_5743-225x300.jpg 225w, https:\/\/allespalettiinberlin.fr\/wp-content\/uploads\/2020\/05\/IMG_5743-1152x1536.jpg 1152w, https:\/\/allespalettiinberlin.fr\/wp-content\/uploads\/2020\/05\/IMG_5743-1536x2048.jpg 1536w, https:\/\/allespalettiinberlin.fr\/wp-content\/uploads\/2020\/05\/IMG_5743-1140x1520.jpg 1140w\" sizes=\"auto, (max-width: 768px) 100vw, 768px\" \/><figcaption class=\"blocks-gallery-item__caption\">Tate Museum<\/figcaption><\/figure><\/li><li class=\"blocks-gallery-item\"><figure><img loading=\"lazy\" decoding=\"async\" width=\"768\" height=\"1024\" src=\"https:\/\/allespalettiinberlin.fr\/wp-content\/uploads\/2020\/05\/IMG_5788-768x1024.jpg\" alt=\"\" data-id=\"478\" data-full-url=\"https:\/\/allespalettiinberlin.fr\/wp-content\/uploads\/2020\/05\/IMG_5788-rotated.jpg\" data-link=\"https:\/\/allespalettiinberlin.fr\/?attachment_id=478\" class=\"wp-image-478\" srcset=\"https:\/\/allespalettiinberlin.fr\/wp-content\/uploads\/2020\/05\/IMG_5788-768x1024.jpg 768w, https:\/\/allespalettiinberlin.fr\/wp-content\/uploads\/2020\/05\/IMG_5788-225x300.jpg 225w, https:\/\/allespalettiinberlin.fr\/wp-content\/uploads\/2020\/05\/IMG_5788-1152x1536.jpg 1152w, https:\/\/allespalettiinberlin.fr\/wp-content\/uploads\/2020\/05\/IMG_5788-1536x2048.jpg 1536w, https:\/\/allespalettiinberlin.fr\/wp-content\/uploads\/2020\/05\/IMG_5788-1140x1520.jpg 1140w\" sizes=\"auto, (max-width: 768px) 100vw, 768px\" \/><figcaption class=\"blocks-gallery-item__caption\">Tout en haut du Royal Ballet<\/figcaption><\/figure><\/li><li class=\"blocks-gallery-item\"><figure><img loading=\"lazy\" decoding=\"async\" width=\"1024\" height=\"768\" src=\"https:\/\/allespalettiinberlin.fr\/wp-content\/uploads\/2020\/05\/IMG_5835-1024x768.jpg\" alt=\"\" data-id=\"479\" data-full-url=\"https:\/\/allespalettiinberlin.fr\/wp-content\/uploads\/2020\/05\/IMG_5835.jpg\" data-link=\"https:\/\/allespalettiinberlin.fr\/?attachment_id=479\" class=\"wp-image-479\" srcset=\"https:\/\/allespalettiinberlin.fr\/wp-content\/uploads\/2020\/05\/IMG_5835-1024x768.jpg 1024w, https:\/\/allespalettiinberlin.fr\/wp-content\/uploads\/2020\/05\/IMG_5835-300x225.jpg 300w, https:\/\/allespalettiinberlin.fr\/wp-content\/uploads\/2020\/05\/IMG_5835-768x576.jpg 768w, https:\/\/allespalettiinberlin.fr\/wp-content\/uploads\/2020\/05\/IMG_5835-1536x1151.jpg 1536w, https:\/\/allespalettiinberlin.fr\/wp-content\/uploads\/2020\/05\/IMG_5835-2048x1535.jpg 2048w, https:\/\/allespalettiinberlin.fr\/wp-content\/uploads\/2020\/05\/IMG_5835-1140x855.jpg 1140w\" sizes=\"auto, (max-width: 1024px) 100vw, 1024px\" \/><figcaption class=\"blocks-gallery-item__caption\">Avec Crayola (ou Gigi Zahir)<\/figcaption><\/figure><\/li><\/ul><\/figure>\n<\/div><\/div>\n\n\n\n<p>C&#8217;\u00e9tait vraiment un voyage tr\u00e8s intense et r\u00e9jouissant, cela me faisait beaucoup de bien de me retrouver dans un nouveau pays avec une architecture et une culture bien diff\u00e9rentes de celle de Berlin, m\u00eame si l&#8217;allemand semblait parfois prendre le dessus sur l&#8217;anglais lors de mes interactions (allez savoir pourquoi).<\/p>\n\n\n\n<p>A cette \u00e9poque-l\u00e0, l&#8217;\u00e9pid\u00e9mie de Covid19 n&#8217;\u00e9tait encore qu&#8217;\u00e0 ses d\u00e9buts en Europe, avec une propagation progressive en Italie mais encore peu de cas en France et en Angleterre. N\u00e9anmoins, on sentait le tension monter peu \u00e0 peu, notamment lors de mes derniers jours sur place. La veille de mon d\u00e9part, je suis all\u00e9e \u00e0 la House of Parliament avec Chlo\u00e9 et nous avons assist\u00e9 \u00e0 des d\u00e9bats dans les deux chambres (celle des Lords, la chambre haute, et celle des Commons, la chambre basse). Dans la Chambre des Communes, le sujet de la maladie de Covid19 semblait d\u00e9j\u00e0 br\u00fblant mais peu d&#8217;informations sur la dangerosit\u00e9 du virus et sur son infectiosit\u00e9 \u00e9taient encore disponibles. Le matin de mon d\u00e9part, j&#8217;ai regard\u00e9 les informations avec mes h\u00f4tes et j&#8217;ai senti que la panique commen\u00e7ait \u00e0 monter. <\/p>\n\n\n\n<h3 class=\"wp-block-heading\">Retour \u00e0 Paris l&#8217;espace d&#8217;une semaine<\/h3>\n\n\n\n<p>Je suis retourn\u00e9e \u00e0 Paris le 3 mars, apr\u00e8s cinq jours \u00e0 Londres. J&#8217;en ai donc profit\u00e9 pour revoir mes amis que je n&#8217;avais pas vus depuis au moins deux mois, si ce n&#8217;est plus, et nous pr\u00e9voyions des soir\u00e9es pour les semaines \u00e0 venir en mars. J&#8217;ai aussi pu participer pour la premi\u00e8re fois \u00e0 la marche pour la Journ\u00e9e des droits de la Femme \u00e0 Paris et j&#8217;ai pu y faire plusieurs clich\u00e9s dans le style photojournalistique.<\/p>\n\n\n\n<div class=\"wp-block-image\"><figure class=\"aligncenter size-large\"><img loading=\"lazy\" decoding=\"async\" width=\"1024\" height=\"683\" src=\"https:\/\/allespalettiinberlin.fr\/wp-content\/uploads\/2020\/05\/Concoursphoto_po-1024x683.jpg\" alt=\"\" class=\"wp-image-492\" srcset=\"https:\/\/allespalettiinberlin.fr\/wp-content\/uploads\/2020\/05\/Concoursphoto_po-1024x683.jpg 1024w, https:\/\/allespalettiinberlin.fr\/wp-content\/uploads\/2020\/05\/Concoursphoto_po-300x200.jpg 300w, https:\/\/allespalettiinberlin.fr\/wp-content\/uploads\/2020\/05\/Concoursphoto_po-768x512.jpg 768w, https:\/\/allespalettiinberlin.fr\/wp-content\/uploads\/2020\/05\/Concoursphoto_po-1536x1024.jpg 1536w, https:\/\/allespalettiinberlin.fr\/wp-content\/uploads\/2020\/05\/Concoursphoto_po-2048x1365.jpg 2048w, https:\/\/allespalettiinberlin.fr\/wp-content\/uploads\/2020\/05\/Concoursphoto_po-1140x760.jpg 1140w\" sizes=\"auto, (max-width: 1024px) 100vw, 1024px\" \/><\/figure><\/div>\n\n\n\n<figure class=\"wp-block-gallery aligncenter columns-3 is-cropped wp-block-gallery-5 is-layout-flex wp-block-gallery-is-layout-flex\"><ul class=\"blocks-gallery-grid\"><li class=\"blocks-gallery-item\"><figure><img loading=\"lazy\" decoding=\"async\" width=\"1024\" height=\"683\" src=\"https:\/\/allespalettiinberlin.fr\/wp-content\/uploads\/2020\/05\/Femmes11-1024x683.jpg\" alt=\"\" data-id=\"481\" data-full-url=\"https:\/\/allespalettiinberlin.fr\/wp-content\/uploads\/2020\/05\/Femmes11.jpg\" data-link=\"https:\/\/allespalettiinberlin.fr\/?attachment_id=481\" class=\"wp-image-481\" srcset=\"https:\/\/allespalettiinberlin.fr\/wp-content\/uploads\/2020\/05\/Femmes11-1024x683.jpg 1024w, https:\/\/allespalettiinberlin.fr\/wp-content\/uploads\/2020\/05\/Femmes11-300x200.jpg 300w, https:\/\/allespalettiinberlin.fr\/wp-content\/uploads\/2020\/05\/Femmes11-768x512.jpg 768w, https:\/\/allespalettiinberlin.fr\/wp-content\/uploads\/2020\/05\/Femmes11-1536x1024.jpg 1536w, https:\/\/allespalettiinberlin.fr\/wp-content\/uploads\/2020\/05\/Femmes11-2048x1365.jpg 2048w, https:\/\/allespalettiinberlin.fr\/wp-content\/uploads\/2020\/05\/Femmes11-1140x760.jpg 1140w\" sizes=\"auto, (max-width: 1024px) 100vw, 1024px\" \/><\/figure><\/li><li class=\"blocks-gallery-item\"><figure><img loading=\"lazy\" decoding=\"async\" width=\"1024\" height=\"683\" src=\"https:\/\/allespalettiinberlin.fr\/wp-content\/uploads\/2020\/05\/Femmes14-1024x683.jpg\" alt=\"\" data-id=\"482\" data-full-url=\"https:\/\/allespalettiinberlin.fr\/wp-content\/uploads\/2020\/05\/Femmes14.jpg\" data-link=\"https:\/\/allespalettiinberlin.fr\/?attachment_id=482\" class=\"wp-image-482\" srcset=\"https:\/\/allespalettiinberlin.fr\/wp-content\/uploads\/2020\/05\/Femmes14-1024x683.jpg 1024w, https:\/\/allespalettiinberlin.fr\/wp-content\/uploads\/2020\/05\/Femmes14-300x200.jpg 300w, https:\/\/allespalettiinberlin.fr\/wp-content\/uploads\/2020\/05\/Femmes14-768x512.jpg 768w, https:\/\/allespalettiinberlin.fr\/wp-content\/uploads\/2020\/05\/Femmes14-1536x1024.jpg 1536w, https:\/\/allespalettiinberlin.fr\/wp-content\/uploads\/2020\/05\/Femmes14-2048x1365.jpg 2048w, https:\/\/allespalettiinberlin.fr\/wp-content\/uploads\/2020\/05\/Femmes14-1140x760.jpg 1140w\" sizes=\"auto, (max-width: 1024px) 100vw, 1024px\" \/><\/figure><\/li><li class=\"blocks-gallery-item\"><figure><img loading=\"lazy\" decoding=\"async\" width=\"1024\" height=\"683\" src=\"https:\/\/allespalettiinberlin.fr\/wp-content\/uploads\/2020\/05\/Femmes20-1024x683.jpg\" alt=\"\" data-id=\"483\" data-full-url=\"https:\/\/allespalettiinberlin.fr\/wp-content\/uploads\/2020\/05\/Femmes20.jpg\" data-link=\"https:\/\/allespalettiinberlin.fr\/?attachment_id=483\" class=\"wp-image-483\" srcset=\"https:\/\/allespalettiinberlin.fr\/wp-content\/uploads\/2020\/05\/Femmes20-1024x683.jpg 1024w, https:\/\/allespalettiinberlin.fr\/wp-content\/uploads\/2020\/05\/Femmes20-300x200.jpg 300w, https:\/\/allespalettiinberlin.fr\/wp-content\/uploads\/2020\/05\/Femmes20-768x512.jpg 768w, https:\/\/allespalettiinberlin.fr\/wp-content\/uploads\/2020\/05\/Femmes20-1536x1024.jpg 1536w, https:\/\/allespalettiinberlin.fr\/wp-content\/uploads\/2020\/05\/Femmes20-2048x1365.jpg 2048w, https:\/\/allespalettiinberlin.fr\/wp-content\/uploads\/2020\/05\/Femmes20-1140x760.jpg 1140w\" sizes=\"auto, (max-width: 1024px) 100vw, 1024px\" \/><\/figure><\/li><li class=\"blocks-gallery-item\"><figure><img loading=\"lazy\" decoding=\"async\" width=\"1024\" height=\"683\" src=\"https:\/\/allespalettiinberlin.fr\/wp-content\/uploads\/2020\/05\/Femmes26-1024x683.jpg\" alt=\"\" data-id=\"484\" data-full-url=\"https:\/\/allespalettiinberlin.fr\/wp-content\/uploads\/2020\/05\/Femmes26.jpg\" data-link=\"https:\/\/allespalettiinberlin.fr\/?attachment_id=484\" class=\"wp-image-484\" srcset=\"https:\/\/allespalettiinberlin.fr\/wp-content\/uploads\/2020\/05\/Femmes26-1024x683.jpg 1024w, https:\/\/allespalettiinberlin.fr\/wp-content\/uploads\/2020\/05\/Femmes26-300x200.jpg 300w, https:\/\/allespalettiinberlin.fr\/wp-content\/uploads\/2020\/05\/Femmes26-768x512.jpg 768w, https:\/\/allespalettiinberlin.fr\/wp-content\/uploads\/2020\/05\/Femmes26-1536x1024.jpg 1536w, https:\/\/allespalettiinberlin.fr\/wp-content\/uploads\/2020\/05\/Femmes26-2048x1365.jpg 2048w, https:\/\/allespalettiinberlin.fr\/wp-content\/uploads\/2020\/05\/Femmes26-1140x760.jpg 1140w\" sizes=\"auto, (max-width: 1024px) 100vw, 1024px\" \/><\/figure><\/li><li class=\"blocks-gallery-item\"><figure><img loading=\"lazy\" decoding=\"async\" width=\"1024\" height=\"683\" src=\"https:\/\/allespalettiinberlin.fr\/wp-content\/uploads\/2020\/05\/Femmes38-1024x683.jpg\" alt=\"\" data-id=\"488\" data-full-url=\"https:\/\/allespalettiinberlin.fr\/wp-content\/uploads\/2020\/05\/Femmes38.jpg\" data-link=\"https:\/\/allespalettiinberlin.fr\/?attachment_id=488\" class=\"wp-image-488\" srcset=\"https:\/\/allespalettiinberlin.fr\/wp-content\/uploads\/2020\/05\/Femmes38-1024x683.jpg 1024w, https:\/\/allespalettiinberlin.fr\/wp-content\/uploads\/2020\/05\/Femmes38-300x200.jpg 300w, https:\/\/allespalettiinberlin.fr\/wp-content\/uploads\/2020\/05\/Femmes38-768x512.jpg 768w, https:\/\/allespalettiinberlin.fr\/wp-content\/uploads\/2020\/05\/Femmes38-1536x1024.jpg 1536w, https:\/\/allespalettiinberlin.fr\/wp-content\/uploads\/2020\/05\/Femmes38-2048x1365.jpg 2048w, https:\/\/allespalettiinberlin.fr\/wp-content\/uploads\/2020\/05\/Femmes38-1140x760.jpg 1140w\" sizes=\"auto, (max-width: 1024px) 100vw, 1024px\" \/><\/figure><\/li><\/ul><figcaption class=\"blocks-gallery-caption\"><span class=\"has-inline-color has-luminous-vivid-amber-color\">8 mars 2020<\/span><\/figcaption><\/figure>\n\n\n\n<h3 class=\"wp-block-heading\">Troisi\u00e8me \u00e9tape : Montr\u00e9al<\/h3>\n\n\n\n<p>Ce voyage \u00e9tait pr\u00e9vu depuis novembre dernier, et il devait nous permettre, \u00e0 Itagiba et moi, de f\u00eater nos trois ans de couple. Nous avions pris les billets avec tellement d&#8217;avance qu&#8217;ils \u00e9taient presque deux fois moins cher qu&#8217;\u00e0 la normale. Les jours pr\u00e9c\u00e9dant le d\u00e9part, nous commencions \u00e0 \u00eatre anxieux \u00e0 l&#8217;id\u00e9e de partir car la propagation de l&#8217;\u00e9pid\u00e9mie \u00e9tait de plus en plus rapide et globale. N\u00e9anmoins, aucune instruction contraire \u00e0 notre d\u00e9placement au Canada nous a \u00e9t\u00e9 adress\u00e9e et nous nous sommes donc envol\u00e9s le 11 mars pour Montr\u00e9al. Apr\u00e8s neuf heures assis dans un avion, nous avons enfin foul\u00e9 le sol canadien. Nous sommes tr\u00e8s vite all\u00e9s nous r\u00e9chauffer dans notre petit loft Airbnb tout en observant la neige qui commen\u00e7ait \u00e0 fondre. <\/p>\n\n\n\n<figure class=\"wp-block-gallery aligncenter columns-2 is-cropped wp-block-gallery-6 is-layout-flex wp-block-gallery-is-layout-flex\"><ul class=\"blocks-gallery-grid\"><li class=\"blocks-gallery-item\"><figure><img loading=\"lazy\" decoding=\"async\" width=\"1024\" height=\"683\" src=\"https:\/\/allespalettiinberlin.fr\/wp-content\/uploads\/2020\/05\/IMG_1973-1024x683.jpg\" alt=\"\" data-id=\"494\" data-link=\"https:\/\/allespalettiinberlin.fr\/?attachment_id=494\" class=\"wp-image-494\" srcset=\"https:\/\/allespalettiinberlin.fr\/wp-content\/uploads\/2020\/05\/IMG_1973-1024x683.jpg 1024w, https:\/\/allespalettiinberlin.fr\/wp-content\/uploads\/2020\/05\/IMG_1973-300x200.jpg 300w, https:\/\/allespalettiinberlin.fr\/wp-content\/uploads\/2020\/05\/IMG_1973-768x512.jpg 768w, https:\/\/allespalettiinberlin.fr\/wp-content\/uploads\/2020\/05\/IMG_1973-1536x1024.jpg 1536w, https:\/\/allespalettiinberlin.fr\/wp-content\/uploads\/2020\/05\/IMG_1973-2048x1365.jpg 2048w, https:\/\/allespalettiinberlin.fr\/wp-content\/uploads\/2020\/05\/IMG_1973-1140x760.jpg 1140w\" sizes=\"auto, (max-width: 1024px) 100vw, 1024px\" \/><\/figure><\/li><li class=\"blocks-gallery-item\"><figure><img loading=\"lazy\" decoding=\"async\" width=\"1024\" height=\"683\" src=\"https:\/\/allespalettiinberlin.fr\/wp-content\/uploads\/2020\/05\/IMG_1975-1024x683.jpg\" alt=\"\" data-id=\"498\" data-full-url=\"https:\/\/allespalettiinberlin.fr\/wp-content\/uploads\/2020\/05\/IMG_1975.jpg\" data-link=\"https:\/\/allespalettiinberlin.fr\/?attachment_id=498\" class=\"wp-image-498\" srcset=\"https:\/\/allespalettiinberlin.fr\/wp-content\/uploads\/2020\/05\/IMG_1975-1024x683.jpg 1024w, https:\/\/allespalettiinberlin.fr\/wp-content\/uploads\/2020\/05\/IMG_1975-300x200.jpg 300w, https:\/\/allespalettiinberlin.fr\/wp-content\/uploads\/2020\/05\/IMG_1975-768x512.jpg 768w, https:\/\/allespalettiinberlin.fr\/wp-content\/uploads\/2020\/05\/IMG_1975-1536x1024.jpg 1536w, https:\/\/allespalettiinberlin.fr\/wp-content\/uploads\/2020\/05\/IMG_1975-2048x1365.jpg 2048w, https:\/\/allespalettiinberlin.fr\/wp-content\/uploads\/2020\/05\/IMG_1975-1140x760.jpg 1140w\" sizes=\"auto, (max-width: 1024px) 100vw, 1024px\" \/><\/figure><\/li><\/ul><\/figure>\n\n\n\n<p>Nous avons eu le temps de visiter les beaux quartiers dynamiques de Montr\u00e9al comme le Village, le Vieux-Port, McGill, le Mont Royal, etc. avant que tous les commerces ne ferment. Nous avons donc eu le temps d&#8217;en profiter pendant la premi\u00e8re partie du voyage. Aussi, nous avons pu revoir Capucine, notre meilleure amie, deuxi\u00e8me raison de notre voyage sur place. Nous avons m\u00eame pu passer une soir\u00e9e avec d&#8217;autres amis de Sciences Po qui passaient \u00e9galement leur 3A l\u00e0-bas.<\/p>\n\n\n\n<figure class=\"wp-block-gallery aligncenter columns-3 is-cropped wp-block-gallery-7 is-layout-flex wp-block-gallery-is-layout-flex\"><ul class=\"blocks-gallery-grid\"><li class=\"blocks-gallery-item\"><figure><img loading=\"lazy\" decoding=\"async\" width=\"1024\" height=\"683\" src=\"https:\/\/allespalettiinberlin.fr\/wp-content\/uploads\/2020\/05\/IMG_1993-1024x683.jpg\" alt=\"\" data-id=\"499\" data-full-url=\"https:\/\/allespalettiinberlin.fr\/wp-content\/uploads\/2020\/05\/IMG_1993.jpg\" data-link=\"https:\/\/allespalettiinberlin.fr\/?attachment_id=499\" class=\"wp-image-499\" srcset=\"https:\/\/allespalettiinberlin.fr\/wp-content\/uploads\/2020\/05\/IMG_1993-1024x683.jpg 1024w, https:\/\/allespalettiinberlin.fr\/wp-content\/uploads\/2020\/05\/IMG_1993-300x200.jpg 300w, https:\/\/allespalettiinberlin.fr\/wp-content\/uploads\/2020\/05\/IMG_1993-768x512.jpg 768w, https:\/\/allespalettiinberlin.fr\/wp-content\/uploads\/2020\/05\/IMG_1993-1536x1024.jpg 1536w, https:\/\/allespalettiinberlin.fr\/wp-content\/uploads\/2020\/05\/IMG_1993-2048x1365.jpg 2048w, https:\/\/allespalettiinberlin.fr\/wp-content\/uploads\/2020\/05\/IMG_1993-1140x760.jpg 1140w\" sizes=\"auto, (max-width: 1024px) 100vw, 1024px\" \/><\/figure><\/li><li class=\"blocks-gallery-item\"><figure><img loading=\"lazy\" decoding=\"async\" width=\"1024\" height=\"683\" src=\"https:\/\/allespalettiinberlin.fr\/wp-content\/uploads\/2020\/05\/IMG_1998-1024x683.jpg\" alt=\"\" data-id=\"500\" data-full-url=\"https:\/\/allespalettiinberlin.fr\/wp-content\/uploads\/2020\/05\/IMG_1998.jpg\" data-link=\"https:\/\/allespalettiinberlin.fr\/?attachment_id=500\" class=\"wp-image-500\" srcset=\"https:\/\/allespalettiinberlin.fr\/wp-content\/uploads\/2020\/05\/IMG_1998-1024x683.jpg 1024w, https:\/\/allespalettiinberlin.fr\/wp-content\/uploads\/2020\/05\/IMG_1998-300x200.jpg 300w, https:\/\/allespalettiinberlin.fr\/wp-content\/uploads\/2020\/05\/IMG_1998-768x512.jpg 768w, https:\/\/allespalettiinberlin.fr\/wp-content\/uploads\/2020\/05\/IMG_1998-1536x1024.jpg 1536w, https:\/\/allespalettiinberlin.fr\/wp-content\/uploads\/2020\/05\/IMG_1998-2048x1365.jpg 2048w, https:\/\/allespalettiinberlin.fr\/wp-content\/uploads\/2020\/05\/IMG_1998-1140x760.jpg 1140w\" sizes=\"auto, (max-width: 1024px) 100vw, 1024px\" \/><\/figure><\/li><li class=\"blocks-gallery-item\"><figure><img loading=\"lazy\" decoding=\"async\" width=\"1024\" height=\"683\" src=\"https:\/\/allespalettiinberlin.fr\/wp-content\/uploads\/2020\/05\/IMG_2011-1024x683.jpg\" alt=\"\" data-id=\"501\" data-full-url=\"https:\/\/allespalettiinberlin.fr\/wp-content\/uploads\/2020\/05\/IMG_2011.jpg\" data-link=\"https:\/\/allespalettiinberlin.fr\/?attachment_id=501\" class=\"wp-image-501\" srcset=\"https:\/\/allespalettiinberlin.fr\/wp-content\/uploads\/2020\/05\/IMG_2011-1024x683.jpg 1024w, https:\/\/allespalettiinberlin.fr\/wp-content\/uploads\/2020\/05\/IMG_2011-300x200.jpg 300w, https:\/\/allespalettiinberlin.fr\/wp-content\/uploads\/2020\/05\/IMG_2011-768x512.jpg 768w, https:\/\/allespalettiinberlin.fr\/wp-content\/uploads\/2020\/05\/IMG_2011-1536x1024.jpg 1536w, https:\/\/allespalettiinberlin.fr\/wp-content\/uploads\/2020\/05\/IMG_2011-2048x1365.jpg 2048w, https:\/\/allespalettiinberlin.fr\/wp-content\/uploads\/2020\/05\/IMG_2011-1140x760.jpg 1140w\" sizes=\"auto, (max-width: 1024px) 100vw, 1024px\" \/><\/figure><\/li><\/ul><\/figure>\n\n\n\n<figure class=\"wp-block-gallery aligncenter columns-3 is-cropped wp-block-gallery-8 is-layout-flex wp-block-gallery-is-layout-flex\"><ul class=\"blocks-gallery-grid\"><li class=\"blocks-gallery-item\"><figure><img loading=\"lazy\" decoding=\"async\" width=\"1024\" height=\"768\" src=\"https:\/\/allespalettiinberlin.fr\/wp-content\/uploads\/2020\/05\/IMG_0012-1024x768.jpg\" alt=\"\" data-id=\"504\" data-full-url=\"https:\/\/allespalettiinberlin.fr\/wp-content\/uploads\/2020\/05\/IMG_0012.jpg\" data-link=\"https:\/\/allespalettiinberlin.fr\/?attachment_id=504\" class=\"wp-image-504\" srcset=\"https:\/\/allespalettiinberlin.fr\/wp-content\/uploads\/2020\/05\/IMG_0012-1024x768.jpg 1024w, https:\/\/allespalettiinberlin.fr\/wp-content\/uploads\/2020\/05\/IMG_0012-300x225.jpg 300w, https:\/\/allespalettiinberlin.fr\/wp-content\/uploads\/2020\/05\/IMG_0012-768x576.jpg 768w, https:\/\/allespalettiinberlin.fr\/wp-content\/uploads\/2020\/05\/IMG_0012-1536x1152.jpg 1536w, https:\/\/allespalettiinberlin.fr\/wp-content\/uploads\/2020\/05\/IMG_0012-2048x1536.jpg 2048w, https:\/\/allespalettiinberlin.fr\/wp-content\/uploads\/2020\/05\/IMG_0012-1140x855.jpg 1140w\" sizes=\"auto, (max-width: 1024px) 100vw, 1024px\" \/><figcaption class=\"blocks-gallery-item__caption\">Plus de PQ<\/figcaption><\/figure><\/li><li class=\"blocks-gallery-item\"><figure><img loading=\"lazy\" decoding=\"async\" width=\"1024\" height=\"768\" src=\"https:\/\/allespalettiinberlin.fr\/wp-content\/uploads\/2020\/05\/IMG_0013-1024x768.jpg\" alt=\"\" data-id=\"505\" data-full-url=\"https:\/\/allespalettiinberlin.fr\/wp-content\/uploads\/2020\/05\/IMG_0013.jpg\" data-link=\"https:\/\/allespalettiinberlin.fr\/?attachment_id=505\" class=\"wp-image-505\" srcset=\"https:\/\/allespalettiinberlin.fr\/wp-content\/uploads\/2020\/05\/IMG_0013-1024x768.jpg 1024w, https:\/\/allespalettiinberlin.fr\/wp-content\/uploads\/2020\/05\/IMG_0013-300x225.jpg 300w, https:\/\/allespalettiinberlin.fr\/wp-content\/uploads\/2020\/05\/IMG_0013-768x576.jpg 768w, https:\/\/allespalettiinberlin.fr\/wp-content\/uploads\/2020\/05\/IMG_0013-1536x1152.jpg 1536w, https:\/\/allespalettiinberlin.fr\/wp-content\/uploads\/2020\/05\/IMG_0013-2048x1536.jpg 2048w, https:\/\/allespalettiinberlin.fr\/wp-content\/uploads\/2020\/05\/IMG_0013-1140x855.jpg 1140w\" sizes=\"auto, (max-width: 1024px) 100vw, 1024px\" \/><\/figure><\/li><li class=\"blocks-gallery-item\"><figure><img loading=\"lazy\" decoding=\"async\" width=\"768\" height=\"1024\" src=\"https:\/\/allespalettiinberlin.fr\/wp-content\/uploads\/2020\/05\/IMG_0052-768x1024.jpg\" alt=\"\" data-id=\"508\" data-full-url=\"https:\/\/allespalettiinberlin.fr\/wp-content\/uploads\/2020\/05\/IMG_0052-rotated.jpg\" data-link=\"https:\/\/allespalettiinberlin.fr\/?attachment_id=508\" class=\"wp-image-508\" srcset=\"https:\/\/allespalettiinberlin.fr\/wp-content\/uploads\/2020\/05\/IMG_0052-768x1024.jpg 768w, https:\/\/allespalettiinberlin.fr\/wp-content\/uploads\/2020\/05\/IMG_0052-225x300.jpg 225w, https:\/\/allespalettiinberlin.fr\/wp-content\/uploads\/2020\/05\/IMG_0052-1152x1536.jpg 1152w, https:\/\/allespalettiinberlin.fr\/wp-content\/uploads\/2020\/05\/IMG_0052-1536x2048.jpg 1536w, https:\/\/allespalettiinberlin.fr\/wp-content\/uploads\/2020\/05\/IMG_0052-1140x1520.jpg 1140w\" sizes=\"auto, (max-width: 768px) 100vw, 768px\" \/><figcaption class=\"blocks-gallery-item__caption\">L&#8217;annonce du confinement<\/figcaption><\/figure><\/li><li class=\"blocks-gallery-item\"><figure><img loading=\"lazy\" decoding=\"async\" width=\"768\" height=\"1024\" src=\"https:\/\/allespalettiinberlin.fr\/wp-content\/uploads\/2020\/05\/IMG_0037-768x1024.jpg\" alt=\"\" data-id=\"506\" data-full-url=\"https:\/\/allespalettiinberlin.fr\/wp-content\/uploads\/2020\/05\/IMG_0037-rotated.jpg\" data-link=\"https:\/\/allespalettiinberlin.fr\/?attachment_id=506\" class=\"wp-image-506\" srcset=\"https:\/\/allespalettiinberlin.fr\/wp-content\/uploads\/2020\/05\/IMG_0037-768x1024.jpg 768w, https:\/\/allespalettiinberlin.fr\/wp-content\/uploads\/2020\/05\/IMG_0037-225x300.jpg 225w, https:\/\/allespalettiinberlin.fr\/wp-content\/uploads\/2020\/05\/IMG_0037-1152x1536.jpg 1152w, https:\/\/allespalettiinberlin.fr\/wp-content\/uploads\/2020\/05\/IMG_0037-1536x2048.jpg 1536w, https:\/\/allespalettiinberlin.fr\/wp-content\/uploads\/2020\/05\/IMG_0037-1140x1520.jpg 1140w\" sizes=\"auto, (max-width: 768px) 100vw, 768px\" \/><\/figure><\/li><\/ul><\/figure>\n\n\n\n<div class=\"wp-block-group\"><div class=\"wp-block-group__inner-container is-layout-flow wp-block-group-is-layout-flow\">\n<figure class=\"wp-block-video aligncenter\"><video height=\"1280\" style=\"aspect-ratio: 720 \/ 1280;\" width=\"720\" controls src=\"https:\/\/allespalettiinberlin.fr\/wp-content\/uploads\/2020\/05\/7997f0a268e64352ad973f494145e0a3.mov\"><\/video><\/figure>\n<\/div><\/div>\n\n\n\n<div class=\"wp-block-group is-layout-flow wp-block-group-is-layout-flow\"><div class=\"wp-block-group__inner-container\"><\/div><\/div>\n\n\n\n<p>Si l&#8217;on met de c\u00f4t\u00e9 le contexte dans lequel nous avons pass\u00e9 notre voyage, j&#8217;ai \u00e9t\u00e9 ravie de d\u00e9couvrir cette ville et ses habitants : les qu\u00e9b\u00e9cois sont d&#8217;un naturel tr\u00e8s sympathique, sociable et avenant, que j&#8217;appr\u00e9cie beaucoup.<\/p>\n\n\n\n<p>Malheureusement, le contexte de la d\u00e9sormais pand\u00e9mie a quelque peu entrav\u00e9 nos projets. Nous \u00e9tions dans les derniers jours dans un \u00e9tat d&#8217;angoisse constante car nous voyions les d\u00e9cisions des diff\u00e9rents gouvernements tomber une \u00e0 une, les fronti\u00e8res se fermant au fur et \u00e0 mesure, et nos proches s&#8217;inqui\u00e9tant sur notre possibilit\u00e9 de retour sans encombre. En outre, je savais d\u00e9j\u00e0 que je ne voulais pas passer de quarantaine \u00e0 Paris et retourner \u00e0 Berlin mais la fermeture des fronti\u00e8res semblait m&#8217;en emp\u00eacher. Nous n&#8217;avons pas avanc\u00e9 notre date de retour car cela serait revenu tr\u00e8s cher, et nous sommes donc rentr\u00e9s \u00e0 Paris le 19 mars. Il \u00e9tait temps car nous ne pouvions de toute mani\u00e8re plus rien faire dans Montr\u00e9al \u00e9tant donn\u00e9 que tout \u00e9tait ferm\u00e9. <\/p>\n\n\n\n<h3 class=\"wp-block-heading\">Quatri\u00e8me \u00e9tape : le retour \u00e0 Berlin<\/h3>\n\n\n\n<p>Avec la fermeture des fronti\u00e8res entre le France et l&#8217;Allemagne annonc\u00e9e le 15 mars,  je pensais n&#8217;avoir d&#8217;autres choix que de rester \u00e0 Paris pendant le confinement. Heureusement, mes parents m&#8217;ont accompagn\u00e9e dans mes d\u00e9marches pour rejoindre Berlin et ont su me trouver un vol Easyjet direct pour Berlin le lendemain matin, le vendredi 20 mars. Je me suis donc retrouv\u00e9e \u00e0 d\u00e9faire mes valises et les refaire dans la m\u00eame journ\u00e9e, \u00e0 devoir penser et pr\u00e9voir tout ce dont j&#8217;aurais besoin pour les prochains mois \u00e0 Berlin puisqu&#8217;un retour avant l&#8217;\u00e9t\u00e9 semblait tr\u00e8s incertain. Je suis donc finalement pass\u00e9e en coup de vent \u00e0 Paris, ayant \u00e0 peine le temps de revoir ma famille (nous avons tout m\u00eame eu le temps de faire une partie de Scrabble !) et n&#8217;ayant m\u00eame pas eu l&#8217;occasion de dire au revoir \u00e0 Itagiba avant de partir&#8230; Cela a \u00e9t\u00e9 une sensation assez d\u00e9sagr\u00e9able et pesante pendant la premi\u00e8re semaine de mon retour, mais j&#8217;\u00e9tais incroyablement soulag\u00e9e et heureuse d&#8217;\u00eatre parvenue \u00e0 retourner \u00e0 Berlin. <\/p>\n\n\n\n<p>Dans l&#8217;avion, nous n&#8217;\u00e9tions qu&#8217;une dizaine de personnes pour une capacit\u00e9 d&#8217;au moins 150 passagers. C&#8217;\u00e9tait tr\u00e8s \u00e9trange, et l&#8217;atmosph\u00e8re \u00e9tait tendue. J&#8217;ai dormi tout le long du vol car le <em>jetlag <\/em>faisait encore son effet. Arriv\u00e9e au contr\u00f4le de police aux fronti\u00e8res, j&#8217;ai d\u00fb pr\u00e9senter des papiers attestant que je suis r\u00e9sidente \u00e0 Berlin et que j&#8217;y \u00e9tudie, et cela s&#8217;est fait sans trop de difficult\u00e9s. Une fois chez moi, j&#8217;avais vraiment du mal \u00e0 y croire : en l&#8217;espace de 48h j&#8217;avais \u00e9t\u00e9 dans trois pays diff\u00e9rents, j&#8217;\u00e9tais totalement d\u00e9sorient\u00e9e. Heureusement, ma colocataire fran\u00e7aise Gabrielle \u00e9tait rest\u00e9e \u00e0 Berlin, je n&#8217;\u00e9tais donc pas toute seule. <\/p>\n\n\n\n<figure class=\"wp-block-gallery aligncenter columns-2 is-cropped wp-block-gallery-9 is-layout-flex wp-block-gallery-is-layout-flex\"><ul class=\"blocks-gallery-grid\"><li class=\"blocks-gallery-item\"><figure><img loading=\"lazy\" decoding=\"async\" width=\"1024\" height=\"768\" src=\"https:\/\/allespalettiinberlin.fr\/wp-content\/uploads\/2020\/05\/IMG_0132-1024x768.jpg\" alt=\"\" data-id=\"512\" data-full-url=\"https:\/\/allespalettiinberlin.fr\/wp-content\/uploads\/2020\/05\/IMG_0132.jpg\" data-link=\"https:\/\/allespalettiinberlin.fr\/?attachment_id=512\" class=\"wp-image-512\" srcset=\"https:\/\/allespalettiinberlin.fr\/wp-content\/uploads\/2020\/05\/IMG_0132-1024x768.jpg 1024w, https:\/\/allespalettiinberlin.fr\/wp-content\/uploads\/2020\/05\/IMG_0132-300x225.jpg 300w, https:\/\/allespalettiinberlin.fr\/wp-content\/uploads\/2020\/05\/IMG_0132-768x576.jpg 768w, https:\/\/allespalettiinberlin.fr\/wp-content\/uploads\/2020\/05\/IMG_0132-1536x1152.jpg 1536w, https:\/\/allespalettiinberlin.fr\/wp-content\/uploads\/2020\/05\/IMG_0132-2048x1536.jpg 2048w, https:\/\/allespalettiinberlin.fr\/wp-content\/uploads\/2020\/05\/IMG_0132-1140x855.jpg 1140w\" sizes=\"auto, (max-width: 1024px) 100vw, 1024px\" \/><\/figure><\/li><li class=\"blocks-gallery-item\"><figure><img loading=\"lazy\" decoding=\"async\" width=\"1024\" height=\"768\" src=\"https:\/\/allespalettiinberlin.fr\/wp-content\/uploads\/2020\/05\/IMG_0135-1024x768.jpg\" alt=\"\" data-id=\"513\" data-full-url=\"https:\/\/allespalettiinberlin.fr\/wp-content\/uploads\/2020\/05\/IMG_0135.jpg\" data-link=\"https:\/\/allespalettiinberlin.fr\/?attachment_id=513\" class=\"wp-image-513\" srcset=\"https:\/\/allespalettiinberlin.fr\/wp-content\/uploads\/2020\/05\/IMG_0135-1024x768.jpg 1024w, https:\/\/allespalettiinberlin.fr\/wp-content\/uploads\/2020\/05\/IMG_0135-300x225.jpg 300w, https:\/\/allespalettiinberlin.fr\/wp-content\/uploads\/2020\/05\/IMG_0135-768x576.jpg 768w, https:\/\/allespalettiinberlin.fr\/wp-content\/uploads\/2020\/05\/IMG_0135-1536x1152.jpg 1536w, https:\/\/allespalettiinberlin.fr\/wp-content\/uploads\/2020\/05\/IMG_0135-2048x1536.jpg 2048w, https:\/\/allespalettiinberlin.fr\/wp-content\/uploads\/2020\/05\/IMG_0135-1140x855.jpg 1140w\" sizes=\"auto, (max-width: 1024px) 100vw, 1024px\" \/><\/figure><\/li><\/ul><figcaption class=\"blocks-gallery-caption\"><span class=\"has-inline-color has-luminous-vivid-amber-color\">L&#8217;avion et le tarmac vides<\/span><\/figcaption><\/figure>\n\n\n\n<p>J&#8217;ai donc pass\u00e9 des vacances particuli\u00e8rement&#8230; hors normes. Disons que je m&#8217;en souviendrais toute ma vie et que cette ann\u00e9e d&#8217;\u00e9change aura \u00e9t\u00e9 marqu\u00e9e par beaucoup d&#8217;incertitude et d&#8217;aventures.<\/p>\n\n\n\n<hr class=\"wp-block-separator is-style-wide\"\/>\n\n\n\n<p>Je n&#8217;oublie pas mon engagement de faire d\u00e9couvrir des musiques allemandes \u00e0 chaque fin de mes articles. Je vous laisse ici avec un titre qui correspond bien au contexte, <em>Isolation Berlin<\/em> du groupe de rock \u00e9ponyme : <a href=\"https:\/\/www.youtube.com\/watch?v=JWyVT5DkBng\">https:\/\/www.youtube.com\/watch?v=JWyVT5DkBng<\/a><\/p>\n","protected":false},"excerpt":{"rendered":"<p>Me revoil\u00e0 ! Cela faisait un bon moment que je n&#8217;\u00e9tais pas revenue donner de mes nouvelles ici, et comme vous pouvez vous en douter, ce n&#8217;\u00e9tait par choix mais par contrainte en raison de diverses situations. Je vais donc faire un point tout d&#8217;abord sur mes &#8220;vacances&#8221; d&#8217;inter-semestre entre f\u00e9vrier et avril dans cet article ! Premi\u00e8re \u00e9tape : le retour sur Paris Je suis retourn\u00e9e \u00e0 Paris le jeudi 27 f\u00e9vrier, et, pour tenir mes engagements \u00e9colos (et parce que j&#8217;en avais le temps), j&#8217;ai d\u00e9cid\u00e9 de faire le trajet par train. Je suis donc partie tr\u00e8s t\u00f4t le jeudi matin de chez moi, avec ma (tr\u00e8s lourde) valise pour prendre un premier train de six heures jusqu&#8217;\u00e0 Aachen (Aix-la-Chapelle). J&#8217;ai ensuite attendu trois heures sur place, le temps de faire un tour de la ville, qui \u00e9tait sous la neige ! J&#8217;avais heureusement pr\u00e9vu la mauvaise m\u00e9t\u00e9o et emmen\u00e9 mes Dr. Martens. Puis, j&#8217;ai pris un dernier train direct vers Paris et je suis arriv\u00e9e \u00e0 21h \u00e0 la maison apr\u00e8s une tr\u00e8s longue journ\u00e9e de voyage. Petite anecdote \u00e9tonnante sur cette journ\u00e9e : j&#8217;\u00e9tais seule avec une vieille femme dans mon compartiment. Celle-ci s&#8217;est confi\u00e9e \u00e0 moi (en allemand) sur sa vie en tant que femme, m\u00e8re, \u00e9pouse et s\u0153ur, me conseillant de ne jamais me marier pour ne pas \u00eatre d\u00e9\u00e7ue et me confiant son \u00e9tat de maladie avanc\u00e9 dont personne dans sa famille n&#8217;\u00e9tait au courant. Cette spontan\u00e9it\u00e9 dans l&#8217;\u00e9change et l&#8217;intensit\u00e9 de l&#8217;\u00e9motion m&#8217;ont touch\u00e9e et transport\u00e9e ; j&#8217;ai cru vivre dans un monde parall\u00e8le pendant un moment. Deuxi\u00e8me \u00e9tape : Londres A peine arriv\u00e9e \u00e0 Paris que je suis d\u00e9j\u00e0 repartie. Le lendemain, le vendredi 28 f\u00e9vrier, me voil\u00e0 Gare du Nord pr\u00eate \u00e0 embarquer dans l&#8217;Eurostar pour Londres. J&#8217;attendais ce voyage avec impatience, car c&#8217;\u00e9tait le premier que je faisais enti\u00e8rement seule : j&#8217;ai log\u00e9 chez un couple de britanniques, deux hommes tr\u00e8s accueillants et bienveillants, dont j&#8217;avais trouv\u00e9 la chambre \u00e0 louer sur Airbnb. Cela revenait beaucoup moins cher qu&#8217;un h\u00f4tel et avec plus de confort qu&#8217;en auberge de jeunesse. En plus, m\u00eame si j&#8217;\u00e9tais un peu excentr\u00e9e, j&#8217;\u00e9tais situ\u00e9e dans un tr\u00e8s beau quartier : Abbey Road (oui oui, l\u00e0 o\u00f9 les Beatles ont fait leur fameuse photo align\u00e9s sur un passage pi\u00e9ton). J&#8217;ai pu visiter beaucoup de grands monuments c\u00e9l\u00e8bres : des \u00e9glises et cath\u00e9drales, des ponts, des tours, des b\u00e2timents royaux, etc. En plus d&#8217;avoir eu un temps tr\u00e8s cl\u00e9ment et beaucoup de soleil, j&#8217;ai aussi pu aller voir un ballet, Oneguine, au Royal Ballet, et retrouver mon amie sciencepiste Chlo\u00e9 qui faisait son Erasmus \u00e0 King&#8217;s College : nous sommes all\u00e9es au Tate Museum ensemble, nous avons bu un verre dans un pub \u00e0 c\u00f4t\u00e9 de chez elle, et nous sommes all\u00e9es voir un drag show dans le quartier gay. Petite anecdote amusante: Je me suis fait aussi des amis \u00e9cureuils dans le Hyde Park : habitu\u00e9s \u00e0 \u00eatre nourris par les touristes, ils n&#8217;ont absolument pas peur de la pr\u00e9sence humaine. Pensant que j&#8217;allais leur donner de la nourriture, ils me sont mont\u00e9s dessus alors que j&#8217;\u00e9tais accroupie en train de les photographier. Tr\u00e8s \u00e9tonnant de les voir de si pr\u00e8s. C&#8217;\u00e9tait vraiment un voyage tr\u00e8s intense et r\u00e9jouissant, cela me faisait beaucoup de bien de me retrouver dans un nouveau pays avec une architecture et une culture bien diff\u00e9rentes de celle de Berlin, m\u00eame si l&#8217;allemand semblait parfois prendre le dessus sur l&#8217;anglais lors de mes interactions (allez savoir pourquoi). A cette \u00e9poque-l\u00e0, l&#8217;\u00e9pid\u00e9mie de Covid19 n&#8217;\u00e9tait encore qu&#8217;\u00e0 ses d\u00e9buts en Europe, avec une propagation progressive en Italie mais encore peu de cas en France et en Angleterre. N\u00e9anmoins, on sentait le tension monter peu \u00e0 peu, notamment lors de mes derniers jours sur place. La veille de mon d\u00e9part, je suis all\u00e9e \u00e0 la House of Parliament avec Chlo\u00e9 et nous avons assist\u00e9 \u00e0 des d\u00e9bats dans les deux chambres (celle des Lords, la chambre haute, et celle des Commons, la chambre basse). Dans la Chambre des Communes, le sujet de la maladie de Covid19 semblait d\u00e9j\u00e0 br\u00fblant mais peu d&#8217;informations sur la dangerosit\u00e9 du virus et sur son infectiosit\u00e9 \u00e9taient encore disponibles. Le matin de mon d\u00e9part, j&#8217;ai regard\u00e9 les informations avec mes h\u00f4tes et j&#8217;ai senti que la panique commen\u00e7ait \u00e0 monter. Retour \u00e0 Paris l&#8217;espace d&#8217;une semaine Je suis retourn\u00e9e \u00e0 Paris le 3 mars, apr\u00e8s cinq jours \u00e0 Londres. J&#8217;en ai donc profit\u00e9 pour revoir mes amis que je n&#8217;avais pas vus depuis au moins deux mois, si ce n&#8217;est plus, et nous pr\u00e9voyions des soir\u00e9es pour les semaines \u00e0 venir en mars. J&#8217;ai aussi pu participer pour la premi\u00e8re fois \u00e0 la marche pour la Journ\u00e9e des droits de la Femme \u00e0 Paris et j&#8217;ai pu y faire plusieurs clich\u00e9s dans le style photojournalistique. Troisi\u00e8me \u00e9tape : Montr\u00e9al Ce voyage \u00e9tait pr\u00e9vu depuis novembre dernier, et il devait nous permettre, \u00e0 Itagiba et moi, de f\u00eater nos trois ans de couple. Nous avions pris les billets avec tellement d&#8217;avance qu&#8217;ils \u00e9taient presque deux fois moins cher qu&#8217;\u00e0 la normale. Les jours pr\u00e9c\u00e9dant le d\u00e9part, nous commencions \u00e0 \u00eatre anxieux \u00e0 l&#8217;id\u00e9e de partir car la propagation de l&#8217;\u00e9pid\u00e9mie \u00e9tait de plus en plus rapide et globale. N\u00e9anmoins, aucune instruction contraire \u00e0 notre d\u00e9placement au Canada nous a \u00e9t\u00e9 adress\u00e9e et nous nous sommes donc envol\u00e9s le 11 mars pour Montr\u00e9al. Apr\u00e8s neuf heures assis dans un avion, nous avons enfin foul\u00e9 le sol canadien. Nous sommes tr\u00e8s vite all\u00e9s nous r\u00e9chauffer dans notre petit loft Airbnb tout en observant la neige qui commen\u00e7ait \u00e0 fondre. Nous avons eu le temps de visiter les beaux quartiers dynamiques de Montr\u00e9al comme le Village, le Vieux-Port, McGill, le Mont Royal, etc. avant que tous les commerces ne ferment. Nous avons donc eu le temps d&#8217;en profiter pendant la premi\u00e8re partie du voyage. Aussi, nous avons pu revoir Capucine, notre meilleure amie, deuxi\u00e8me raison de notre voyage sur place. Nous avons m\u00eame pu passer une soir\u00e9e avec d&#8217;autres amis de Sciences Po qui passaient \u00e9galement leur 3A l\u00e0-bas. Si l&#8217;on met de c\u00f4t\u00e9 le contexte dans lequel nous avons pass\u00e9 notre voyage, j&#8217;ai \u00e9t\u00e9 ravie de d\u00e9couvrir cette ville et ses habitants : les qu\u00e9b\u00e9cois sont d&#8217;un naturel tr\u00e8s sympathique, sociable et avenant, que j&#8217;appr\u00e9cie beaucoup. Malheureusement, le contexte de la d\u00e9sormais pand\u00e9mie a quelque peu entrav\u00e9 nos projets. Nous \u00e9tions dans les derniers jours dans un \u00e9tat d&#8217;angoisse constante car nous voyions les d\u00e9cisions des diff\u00e9rents gouvernements tomber une \u00e0 une, les fronti\u00e8res se fermant au fur et \u00e0 mesure, et nos proches s&#8217;inqui\u00e9tant sur notre possibilit\u00e9 de retour sans encombre. En outre, je savais d\u00e9j\u00e0 que je ne voulais pas passer de quarantaine \u00e0 Paris et retourner \u00e0 Berlin mais la fermeture des fronti\u00e8res semblait m&#8217;en emp\u00eacher. Nous n&#8217;avons pas avanc\u00e9 notre date de retour car cela serait revenu tr\u00e8s cher, et nous sommes donc rentr\u00e9s \u00e0 Paris le 19 mars. Il \u00e9tait temps car nous ne pouvions de toute mani\u00e8re plus rien faire dans Montr\u00e9al \u00e9tant donn\u00e9 que tout \u00e9tait ferm\u00e9. Quatri\u00e8me \u00e9tape : le retour \u00e0 Berlin Avec la fermeture des fronti\u00e8res entre le France et l&#8217;Allemagne annonc\u00e9e le 15 mars, je pensais n&#8217;avoir d&#8217;autres choix que de rester \u00e0 Paris pendant le confinement. Heureusement, mes parents m&#8217;ont accompagn\u00e9e dans mes d\u00e9marches pour rejoindre Berlin et ont su me trouver un vol Easyjet direct pour Berlin le lendemain matin, le vendredi 20 mars. Je me suis donc retrouv\u00e9e \u00e0 d\u00e9faire mes valises et les refaire dans la m\u00eame journ\u00e9e, \u00e0 devoir penser et pr\u00e9voir tout ce dont j&#8217;aurais besoin pour les prochains mois \u00e0 Berlin puisqu&#8217;un retour avant l&#8217;\u00e9t\u00e9 semblait tr\u00e8s incertain. Je suis donc finalement pass\u00e9e en coup de vent \u00e0 Paris, ayant \u00e0 peine le temps de revoir ma famille (nous avons tout m\u00eame eu le temps de faire une partie de Scrabble !) et n&#8217;ayant m\u00eame pas eu l&#8217;occasion de dire au revoir \u00e0 Itagiba avant de partir&#8230; Cela a \u00e9t\u00e9 une sensation assez d\u00e9sagr\u00e9able et pesante pendant la premi\u00e8re semaine de mon retour, mais j&#8217;\u00e9tais incroyablement soulag\u00e9e et heureuse d&#8217;\u00eatre parvenue \u00e0 retourner \u00e0 Berlin. Dans l&#8217;avion, nous n&#8217;\u00e9tions qu&#8217;une dizaine de personnes pour une capacit\u00e9 d&#8217;au moins 150 passagers. C&#8217;\u00e9tait tr\u00e8s \u00e9trange, et l&#8217;atmosph\u00e8re \u00e9tait tendue. J&#8217;ai dormi tout le long du vol car le jetlag faisait encore son effet. Arriv\u00e9e au contr\u00f4le de police aux fronti\u00e8res, j&#8217;ai d\u00fb pr\u00e9senter des papiers attestant que je suis r\u00e9sidente \u00e0 Berlin et que j&#8217;y \u00e9tudie, et cela s&#8217;est fait sans trop de difficult\u00e9s. Une fois chez moi, j&#8217;avais vraiment du mal \u00e0 y croire : en l&#8217;espace de 48h j&#8217;avais \u00e9t\u00e9 dans trois pays diff\u00e9rents, j&#8217;\u00e9tais totalement d\u00e9sorient\u00e9e. Heureusement, ma colocataire fran\u00e7aise Gabrielle \u00e9tait rest\u00e9e \u00e0 Berlin, je n&#8217;\u00e9tais donc pas toute seule. J&#8217;ai donc pass\u00e9 des vacances particuli\u00e8rement&#8230; hors normes. Disons que je m&#8217;en souviendrais toute ma vie et que cette ann\u00e9e d&#8217;\u00e9change aura \u00e9t\u00e9 marqu\u00e9e par beaucoup d&#8217;incertitude et d&#8217;aventures. Je n&#8217;oublie pas mon engagement de faire d\u00e9couvrir des musiques allemandes \u00e0 chaque fin de mes articles. Je vous laisse ici avec un titre qui correspond bien au contexte, Isolation Berlin du groupe de rock \u00e9ponyme : https:\/\/www.youtube.com\/watch?v=JWyVT5DkBng<\/p>\n","protected":false},"author":1,"featured_media":474,"comment_status":"open","ping_status":"open","sticky":false,"template":"","format":"standard","meta":{"footnotes":""},"categories":[63,84,19,10,68],"tags":[38,86,85,90,62,89,91,87,67],"class_list":["post-445","post","type-post","status-publish","format-standard","has-post-thumbnail","hentry","category-allemagne","category-covid19","category-decouverte","category-visites","category-voyage","tag-berlin","tag-coronavirus","tag-covid19","tag-londres","tag-manifestation","tag-montreal","tag-paris","tag-vacances","tag-voyage"],"acf":[],"_links":{"self":[{"href":"https:\/\/allespalettiinberlin.fr\/index.php?rest_route=\/wp\/v2\/posts\/445","targetHints":{"allow":["GET"]}}],"collection":[{"href":"https:\/\/allespalettiinberlin.fr\/index.php?rest_route=\/wp\/v2\/posts"}],"about":[{"href":"https:\/\/allespalettiinberlin.fr\/index.php?rest_route=\/wp\/v2\/types\/post"}],"author":[{"embeddable":true,"href":"https:\/\/allespalettiinberlin.fr\/index.php?rest_route=\/wp\/v2\/users\/1"}],"replies":[{"embeddable":true,"href":"https:\/\/allespalettiinberlin.fr\/index.php?rest_route=%2Fwp%2Fv2%2Fcomments&post=445"}],"version-history":[{"count":10,"href":"https:\/\/allespalettiinberlin.fr\/index.php?rest_route=\/wp\/v2\/posts\/445\/revisions"}],"predecessor-version":[{"id":573,"href":"https:\/\/allespalettiinberlin.fr\/index.php?rest_route=\/wp\/v2\/posts\/445\/revisions\/573"}],"wp:featuredmedia":[{"embeddable":true,"href":"https:\/\/allespalettiinberlin.fr\/index.php?rest_route=\/wp\/v2\/media\/474"}],"wp:attachment":[{"href":"https:\/\/allespalettiinberlin.fr\/index.php?rest_route=%2Fwp%2Fv2%2Fmedia&parent=445"}],"wp:term":[{"taxonomy":"category","embeddable":true,"href":"https:\/\/allespalettiinberlin.fr\/index.php?rest_route=%2Fwp%2Fv2%2Fcategories&post=445"},{"taxonomy":"post_tag","embeddable":true,"href":"https:\/\/allespalettiinberlin.fr\/index.php?rest_route=%2Fwp%2Fv2%2Ftags&post=445"}],"curies":[{"name":"wp","href":"https:\/\/api.w.org\/{rel}","templated":true}]}}