{"id":527,"date":"2020-08-27T21:26:19","date_gmt":"2020-08-27T19:26:19","guid":{"rendered":"https:\/\/allespalettiinberlin.fr\/?p=527"},"modified":"2020-09-02T19:43:48","modified_gmt":"2020-09-02T17:43:48","slug":"le-confinement-et-semestre-dete-a-berlin","status":"publish","type":"post","link":"https:\/\/allespalettiinberlin.fr\/?p=527","title":{"rendered":"Le confinement et semestre d&#8217;\u00e9t\u00e9 \u00e0 Berlin"},"content":{"rendered":"\n<p>J&#8217;ai donc pass\u00e9 le confinement \u00e0 Berlin durant le mois de mars et d&#8217;avril. Il \u00e9tait pour moi hors de question de rester enferm\u00e9e dans l&#8217;appartement parisien de mes parents, sans pouvoir sortir librement dans la journ\u00e9e \u00e0 plus d&#8217;1km de la maison.<\/p>\n\n\n\n<h3 class=\"wp-block-heading\">Un confinement riche en activit\u00e9s<\/h3>\n\n\n\n<p>Je n&#8217;ai pas du tout regrett\u00e9 ce choix, bien que le d\u00e9part fut tr\u00e8s rapide et que ma famille me manquait particuli\u00e8rement en ces temps difficiles. A Berlin, je n&#8217;\u00e9tais cependant pas toute seule : Gabrielle, une de mes colocs fran\u00e7aises, est \u00e9galement rest\u00e9e \u00e0 Berlin et nous avons donc pass\u00e9 deux mois seules toutes les deux dans notre appartement. Cela nous a \u00e9videmment beaucoup rapproch\u00e9es et nous avons trouv\u00e9 une quantit\u00e9 impressionnante d&#8217;activit\u00e9s \u00e0 faire pour nous occuper : soir\u00e9es Blind Test ou jeux de carte, apr\u00e8s-midis pass\u00e9s \u00e0 bronzer sur la terrasse (il faisait tr\u00e8s beau et chaud d\u00e9j\u00e0 \u00e0 cette p\u00e9riode), cuisiner ensemble (tarte aux fraises sans gluten et fondue au chocolat), am\u00e9nager un petit potager sur notre balcon, ou encore r\u00e9aliser des portraits. J&#8217;ai \u00e9galement pass\u00e9 beaucoup de temps avec mon amie Sophie, britannique, avec qui j&#8217;ai fait de nombreuses balades \u00e0 v\u00e9lo dans les alentours. Et puis, sans Gabrielle, ce confinement aurait \u00e9t\u00e9 bien plus triste, car elle a toujours les mots et les expressions pour me faire rire (que ce soit volontaire ou non) !<\/p>\n\n\n\n<figure class=\"wp-block-gallery columns-3 is-cropped wp-block-gallery-1 is-layout-flex wp-block-gallery-is-layout-flex\"><ul class=\"blocks-gallery-grid\"><li class=\"blocks-gallery-item\"><figure><img loading=\"lazy\" decoding=\"async\" width=\"576\" height=\"1024\" src=\"https:\/\/allespalettiinberlin.fr\/wp-content\/uploads\/2020\/07\/4AFE6FBF-A567-45B4-86BA-4309CA74CD72-576x1024.jpg\" alt=\"\" data-id=\"532\" data-full-url=\"https:\/\/allespalettiinberlin.fr\/wp-content\/uploads\/2020\/07\/4AFE6FBF-A567-45B4-86BA-4309CA74CD72.jpg\" data-link=\"https:\/\/allespalettiinberlin.fr\/?attachment_id=532\" class=\"wp-image-532\" srcset=\"https:\/\/allespalettiinberlin.fr\/wp-content\/uploads\/2020\/07\/4AFE6FBF-A567-45B4-86BA-4309CA74CD72-576x1024.jpg 576w, https:\/\/allespalettiinberlin.fr\/wp-content\/uploads\/2020\/07\/4AFE6FBF-A567-45B4-86BA-4309CA74CD72-169x300.jpg 169w, https:\/\/allespalettiinberlin.fr\/wp-content\/uploads\/2020\/07\/4AFE6FBF-A567-45B4-86BA-4309CA74CD72-768x1365.jpg 768w, https:\/\/allespalettiinberlin.fr\/wp-content\/uploads\/2020\/07\/4AFE6FBF-A567-45B4-86BA-4309CA74CD72.jpg 828w\" sizes=\"auto, (max-width: 576px) 100vw, 576px\" \/><\/figure><\/li><li class=\"blocks-gallery-item\"><figure><img loading=\"lazy\" decoding=\"async\" width=\"768\" height=\"1024\" src=\"https:\/\/allespalettiinberlin.fr\/wp-content\/uploads\/2020\/07\/IMG_0245-768x1024.jpg\" alt=\"\" data-id=\"533\" data-full-url=\"https:\/\/allespalettiinberlin.fr\/wp-content\/uploads\/2020\/07\/IMG_0245-rotated.jpg\" data-link=\"https:\/\/allespalettiinberlin.fr\/?attachment_id=533\" class=\"wp-image-533\" srcset=\"https:\/\/allespalettiinberlin.fr\/wp-content\/uploads\/2020\/07\/IMG_0245-768x1024.jpg 768w, https:\/\/allespalettiinberlin.fr\/wp-content\/uploads\/2020\/07\/IMG_0245-225x300.jpg 225w, https:\/\/allespalettiinberlin.fr\/wp-content\/uploads\/2020\/07\/IMG_0245-1152x1536.jpg 1152w, https:\/\/allespalettiinberlin.fr\/wp-content\/uploads\/2020\/07\/IMG_0245-1536x2048.jpg 1536w, https:\/\/allespalettiinberlin.fr\/wp-content\/uploads\/2020\/07\/IMG_0245-1140x1520.jpg 1140w\" sizes=\"auto, (max-width: 768px) 100vw, 768px\" \/><\/figure><\/li><li class=\"blocks-gallery-item\"><figure><img loading=\"lazy\" decoding=\"async\" width=\"576\" height=\"1024\" src=\"https:\/\/allespalettiinberlin.fr\/wp-content\/uploads\/2020\/07\/9AD386D7-FC4E-4417-8750-DEF3491BF9E4-576x1024.jpg\" alt=\"\" data-id=\"534\" data-full-url=\"https:\/\/allespalettiinberlin.fr\/wp-content\/uploads\/2020\/07\/9AD386D7-FC4E-4417-8750-DEF3491BF9E4.jpg\" data-link=\"https:\/\/allespalettiinberlin.fr\/?attachment_id=534\" class=\"wp-image-534\" srcset=\"https:\/\/allespalettiinberlin.fr\/wp-content\/uploads\/2020\/07\/9AD386D7-FC4E-4417-8750-DEF3491BF9E4-576x1024.jpg 576w, https:\/\/allespalettiinberlin.fr\/wp-content\/uploads\/2020\/07\/9AD386D7-FC4E-4417-8750-DEF3491BF9E4-169x300.jpg 169w, https:\/\/allespalettiinberlin.fr\/wp-content\/uploads\/2020\/07\/9AD386D7-FC4E-4417-8750-DEF3491BF9E4-768x1365.jpg 768w, https:\/\/allespalettiinberlin.fr\/wp-content\/uploads\/2020\/07\/9AD386D7-FC4E-4417-8750-DEF3491BF9E4.jpg 828w\" sizes=\"auto, (max-width: 576px) 100vw, 576px\" \/><\/figure><\/li><li class=\"blocks-gallery-item\"><figure><img loading=\"lazy\" decoding=\"async\" width=\"576\" height=\"1024\" src=\"https:\/\/allespalettiinberlin.fr\/wp-content\/uploads\/2020\/07\/AD801A68-0518-4E50-81E1-C9F1F6EBE1BC-576x1024.jpg\" alt=\"\" data-id=\"537\" data-full-url=\"https:\/\/allespalettiinberlin.fr\/wp-content\/uploads\/2020\/07\/AD801A68-0518-4E50-81E1-C9F1F6EBE1BC.jpg\" data-link=\"https:\/\/allespalettiinberlin.fr\/?attachment_id=537\" class=\"wp-image-537\" srcset=\"https:\/\/allespalettiinberlin.fr\/wp-content\/uploads\/2020\/07\/AD801A68-0518-4E50-81E1-C9F1F6EBE1BC-576x1024.jpg 576w, https:\/\/allespalettiinberlin.fr\/wp-content\/uploads\/2020\/07\/AD801A68-0518-4E50-81E1-C9F1F6EBE1BC-169x300.jpg 169w, https:\/\/allespalettiinberlin.fr\/wp-content\/uploads\/2020\/07\/AD801A68-0518-4E50-81E1-C9F1F6EBE1BC-768x1365.jpg 768w, https:\/\/allespalettiinberlin.fr\/wp-content\/uploads\/2020\/07\/AD801A68-0518-4E50-81E1-C9F1F6EBE1BC.jpg 828w\" sizes=\"auto, (max-width: 576px) 100vw, 576px\" \/><\/figure><\/li><li class=\"blocks-gallery-item\"><figure><img loading=\"lazy\" decoding=\"async\" width=\"768\" height=\"1024\" src=\"https:\/\/allespalettiinberlin.fr\/wp-content\/uploads\/2020\/07\/IMG_0332-768x1024.jpg\" alt=\"\" data-id=\"547\" data-full-url=\"https:\/\/allespalettiinberlin.fr\/wp-content\/uploads\/2020\/07\/IMG_0332-rotated.jpg\" data-link=\"https:\/\/allespalettiinberlin.fr\/?attachment_id=547\" class=\"wp-image-547\" srcset=\"https:\/\/allespalettiinberlin.fr\/wp-content\/uploads\/2020\/07\/IMG_0332-768x1024.jpg 768w, https:\/\/allespalettiinberlin.fr\/wp-content\/uploads\/2020\/07\/IMG_0332-225x300.jpg 225w, https:\/\/allespalettiinberlin.fr\/wp-content\/uploads\/2020\/07\/IMG_0332-1152x1536.jpg 1152w, https:\/\/allespalettiinberlin.fr\/wp-content\/uploads\/2020\/07\/IMG_0332-1536x2048.jpg 1536w, https:\/\/allespalettiinberlin.fr\/wp-content\/uploads\/2020\/07\/IMG_0332-1140x1520.jpg 1140w\" sizes=\"auto, (max-width: 768px) 100vw, 768px\" \/><\/figure><\/li><li class=\"blocks-gallery-item\"><figure><img loading=\"lazy\" decoding=\"async\" width=\"768\" height=\"1024\" src=\"https:\/\/allespalettiinberlin.fr\/wp-content\/uploads\/2020\/07\/IMG_0289-768x1024.jpg\" alt=\"\" data-id=\"540\" data-full-url=\"https:\/\/allespalettiinberlin.fr\/wp-content\/uploads\/2020\/07\/IMG_0289-rotated.jpg\" data-link=\"https:\/\/allespalettiinberlin.fr\/?attachment_id=540\" class=\"wp-image-540\" srcset=\"https:\/\/allespalettiinberlin.fr\/wp-content\/uploads\/2020\/07\/IMG_0289-768x1024.jpg 768w, https:\/\/allespalettiinberlin.fr\/wp-content\/uploads\/2020\/07\/IMG_0289-225x300.jpg 225w, https:\/\/allespalettiinberlin.fr\/wp-content\/uploads\/2020\/07\/IMG_0289-1152x1536.jpg 1152w, https:\/\/allespalettiinberlin.fr\/wp-content\/uploads\/2020\/07\/IMG_0289-1536x2048.jpg 1536w, https:\/\/allespalettiinberlin.fr\/wp-content\/uploads\/2020\/07\/IMG_0289-1140x1520.jpg 1140w\" sizes=\"auto, (max-width: 768px) 100vw, 768px\" \/><\/figure><\/li><li class=\"blocks-gallery-item\"><figure><img loading=\"lazy\" decoding=\"async\" width=\"1024\" height=\"576\" src=\"https:\/\/allespalettiinberlin.fr\/wp-content\/uploads\/2020\/07\/76EDA6A3-E890-4D45-AA22-00C3AD14FA11-1024x576.jpg\" alt=\"\" data-id=\"535\" data-full-url=\"https:\/\/allespalettiinberlin.fr\/wp-content\/uploads\/2020\/07\/76EDA6A3-E890-4D45-AA22-00C3AD14FA11.jpg\" data-link=\"https:\/\/allespalettiinberlin.fr\/?attachment_id=535\" class=\"wp-image-535\" srcset=\"https:\/\/allespalettiinberlin.fr\/wp-content\/uploads\/2020\/07\/76EDA6A3-E890-4D45-AA22-00C3AD14FA11-1024x576.jpg 1024w, https:\/\/allespalettiinberlin.fr\/wp-content\/uploads\/2020\/07\/76EDA6A3-E890-4D45-AA22-00C3AD14FA11-300x169.jpg 300w, https:\/\/allespalettiinberlin.fr\/wp-content\/uploads\/2020\/07\/76EDA6A3-E890-4D45-AA22-00C3AD14FA11-768x432.jpg 768w, https:\/\/allespalettiinberlin.fr\/wp-content\/uploads\/2020\/07\/76EDA6A3-E890-4D45-AA22-00C3AD14FA11-1140x641.jpg 1140w, https:\/\/allespalettiinberlin.fr\/wp-content\/uploads\/2020\/07\/76EDA6A3-E890-4D45-AA22-00C3AD14FA11.jpg 1472w\" sizes=\"auto, (max-width: 1024px) 100vw, 1024px\" \/><\/figure><\/li><li class=\"blocks-gallery-item\"><figure><img loading=\"lazy\" decoding=\"async\" width=\"1024\" height=\"683\" src=\"https:\/\/allespalettiinberlin.fr\/wp-content\/uploads\/2020\/07\/IMG_2057_Original-1024x683.jpg\" alt=\"\" data-id=\"541\" data-full-url=\"https:\/\/allespalettiinberlin.fr\/wp-content\/uploads\/2020\/07\/IMG_2057_Original.jpg\" data-link=\"https:\/\/allespalettiinberlin.fr\/?attachment_id=541\" class=\"wp-image-541\" srcset=\"https:\/\/allespalettiinberlin.fr\/wp-content\/uploads\/2020\/07\/IMG_2057_Original-1024x683.jpg 1024w, https:\/\/allespalettiinberlin.fr\/wp-content\/uploads\/2020\/07\/IMG_2057_Original-300x200.jpg 300w, https:\/\/allespalettiinberlin.fr\/wp-content\/uploads\/2020\/07\/IMG_2057_Original-768x512.jpg 768w, https:\/\/allespalettiinberlin.fr\/wp-content\/uploads\/2020\/07\/IMG_2057_Original-1536x1024.jpg 1536w, https:\/\/allespalettiinberlin.fr\/wp-content\/uploads\/2020\/07\/IMG_2057_Original-2048x1365.jpg 2048w, https:\/\/allespalettiinberlin.fr\/wp-content\/uploads\/2020\/07\/IMG_2057_Original-1140x760.jpg 1140w\" sizes=\"auto, (max-width: 1024px) 100vw, 1024px\" \/><\/figure><\/li><li class=\"blocks-gallery-item\"><figure><img loading=\"lazy\" decoding=\"async\" width=\"1024\" height=\"683\" src=\"https:\/\/allespalettiinberlin.fr\/wp-content\/uploads\/2020\/07\/IMG_2061_Original-1024x683.jpg\" alt=\"\" data-id=\"542\" data-full-url=\"https:\/\/allespalettiinberlin.fr\/wp-content\/uploads\/2020\/07\/IMG_2061_Original.jpg\" data-link=\"https:\/\/allespalettiinberlin.fr\/?attachment_id=542\" class=\"wp-image-542\" srcset=\"https:\/\/allespalettiinberlin.fr\/wp-content\/uploads\/2020\/07\/IMG_2061_Original-1024x683.jpg 1024w, https:\/\/allespalettiinberlin.fr\/wp-content\/uploads\/2020\/07\/IMG_2061_Original-300x200.jpg 300w, https:\/\/allespalettiinberlin.fr\/wp-content\/uploads\/2020\/07\/IMG_2061_Original-768x512.jpg 768w, https:\/\/allespalettiinberlin.fr\/wp-content\/uploads\/2020\/07\/IMG_2061_Original-1536x1024.jpg 1536w, https:\/\/allespalettiinberlin.fr\/wp-content\/uploads\/2020\/07\/IMG_2061_Original-2048x1365.jpg 2048w, https:\/\/allespalettiinberlin.fr\/wp-content\/uploads\/2020\/07\/IMG_2061_Original-1140x760.jpg 1140w\" sizes=\"auto, (max-width: 1024px) 100vw, 1024px\" \/><\/figure><\/li><li class=\"blocks-gallery-item\"><figure><img loading=\"lazy\" decoding=\"async\" width=\"1024\" height=\"683\" src=\"https:\/\/allespalettiinberlin.fr\/wp-content\/uploads\/2020\/07\/Quarantine3_Original-1024x683.jpg\" alt=\"\" data-id=\"544\" data-full-url=\"https:\/\/allespalettiinberlin.fr\/wp-content\/uploads\/2020\/07\/Quarantine3_Original.jpg\" data-link=\"https:\/\/allespalettiinberlin.fr\/?attachment_id=544\" class=\"wp-image-544\" srcset=\"https:\/\/allespalettiinberlin.fr\/wp-content\/uploads\/2020\/07\/Quarantine3_Original-1024x683.jpg 1024w, https:\/\/allespalettiinberlin.fr\/wp-content\/uploads\/2020\/07\/Quarantine3_Original-300x200.jpg 300w, https:\/\/allespalettiinberlin.fr\/wp-content\/uploads\/2020\/07\/Quarantine3_Original-768x512.jpg 768w, https:\/\/allespalettiinberlin.fr\/wp-content\/uploads\/2020\/07\/Quarantine3_Original-1536x1024.jpg 1536w, https:\/\/allespalettiinberlin.fr\/wp-content\/uploads\/2020\/07\/Quarantine3_Original-2048x1365.jpg 2048w, https:\/\/allespalettiinberlin.fr\/wp-content\/uploads\/2020\/07\/Quarantine3_Original-1140x760.jpg 1140w\" sizes=\"auto, (max-width: 1024px) 100vw, 1024px\" \/><\/figure><\/li><li class=\"blocks-gallery-item\"><figure><img loading=\"lazy\" decoding=\"async\" width=\"1024\" height=\"768\" src=\"https:\/\/allespalettiinberlin.fr\/wp-content\/uploads\/2020\/07\/IMG_0331-1-1024x768.jpg\" alt=\"\" data-id=\"546\" data-full-url=\"https:\/\/allespalettiinberlin.fr\/wp-content\/uploads\/2020\/07\/IMG_0331-1.jpg\" data-link=\"https:\/\/allespalettiinberlin.fr\/?attachment_id=546\" class=\"wp-image-546\" srcset=\"https:\/\/allespalettiinberlin.fr\/wp-content\/uploads\/2020\/07\/IMG_0331-1-1024x768.jpg 1024w, https:\/\/allespalettiinberlin.fr\/wp-content\/uploads\/2020\/07\/IMG_0331-1-300x225.jpg 300w, https:\/\/allespalettiinberlin.fr\/wp-content\/uploads\/2020\/07\/IMG_0331-1-768x576.jpg 768w, https:\/\/allespalettiinberlin.fr\/wp-content\/uploads\/2020\/07\/IMG_0331-1-1536x1152.jpg 1536w, https:\/\/allespalettiinberlin.fr\/wp-content\/uploads\/2020\/07\/IMG_0331-1-2048x1536.jpg 2048w, https:\/\/allespalettiinberlin.fr\/wp-content\/uploads\/2020\/07\/IMG_0331-1-1140x855.jpg 1140w\" sizes=\"auto, (max-width: 1024px) 100vw, 1024px\" \/><\/figure><\/li><li class=\"blocks-gallery-item\"><figure><img loading=\"lazy\" decoding=\"async\" width=\"1024\" height=\"683\" src=\"https:\/\/allespalettiinberlin.fr\/wp-content\/uploads\/2020\/07\/Gabrielle-1-1024x683.jpg\" alt=\"\" data-id=\"551\" data-full-url=\"https:\/\/allespalettiinberlin.fr\/wp-content\/uploads\/2020\/07\/Gabrielle-1.jpg\" data-link=\"https:\/\/allespalettiinberlin.fr\/?attachment_id=551\" class=\"wp-image-551\" srcset=\"https:\/\/allespalettiinberlin.fr\/wp-content\/uploads\/2020\/07\/Gabrielle-1-1024x683.jpg 1024w, https:\/\/allespalettiinberlin.fr\/wp-content\/uploads\/2020\/07\/Gabrielle-1-300x200.jpg 300w, https:\/\/allespalettiinberlin.fr\/wp-content\/uploads\/2020\/07\/Gabrielle-1-768x512.jpg 768w, https:\/\/allespalettiinberlin.fr\/wp-content\/uploads\/2020\/07\/Gabrielle-1-1536x1024.jpg 1536w, https:\/\/allespalettiinberlin.fr\/wp-content\/uploads\/2020\/07\/Gabrielle-1-2048x1365.jpg 2048w\" sizes=\"auto, (max-width: 1024px) 100vw, 1024px\" \/><\/figure><\/li><li class=\"blocks-gallery-item\"><figure><img loading=\"lazy\" decoding=\"async\" width=\"1024\" height=\"683\" src=\"https:\/\/allespalettiinberlin.fr\/wp-content\/uploads\/2020\/07\/Gabrielle-6-1024x683.jpg\" alt=\"\" data-id=\"552\" data-full-url=\"https:\/\/allespalettiinberlin.fr\/wp-content\/uploads\/2020\/07\/Gabrielle-6.jpg\" data-link=\"https:\/\/allespalettiinberlin.fr\/?attachment_id=552\" class=\"wp-image-552\" srcset=\"https:\/\/allespalettiinberlin.fr\/wp-content\/uploads\/2020\/07\/Gabrielle-6-1024x683.jpg 1024w, https:\/\/allespalettiinberlin.fr\/wp-content\/uploads\/2020\/07\/Gabrielle-6-300x200.jpg 300w, https:\/\/allespalettiinberlin.fr\/wp-content\/uploads\/2020\/07\/Gabrielle-6-768x512.jpg 768w, https:\/\/allespalettiinberlin.fr\/wp-content\/uploads\/2020\/07\/Gabrielle-6-1536x1024.jpg 1536w, https:\/\/allespalettiinberlin.fr\/wp-content\/uploads\/2020\/07\/Gabrielle-6-2048x1365.jpg 2048w, https:\/\/allespalettiinberlin.fr\/wp-content\/uploads\/2020\/07\/Gabrielle-6-1140x760.jpg 1140w\" sizes=\"auto, (max-width: 1024px) 100vw, 1024px\" \/><\/figure><\/li><\/ul><\/figure>\n\n\n\n<h3 class=\"wp-block-heading\">Un confinement studieux<\/h3>\n\n\n\n<p>N\u00e9anmoins, le confinement est \u00e9galement pass\u00e9 assez vite car j&#8217;avais en outre beaucoup de choses \u00e0 faire : r\u00e9diger trois Hausarbeiten (essais) et mon Grand \u00c9crit du Parcours Civique, une sorte de mini-m\u00e9moire orient\u00e9e vers la note d&#8217;action publique pour valider la fin de ma licence \u00e0 Sciences Po. Il faut en outre savoir que j&#8217;ai d\u00e9cid\u00e9 de traiter de sujets tr\u00e8s complexes non abord\u00e9s en cours pour deux de mes Hausarbeiten, rendant le travail de recherche d&#8217;autant plus long et fastidieux. Si cela vous int\u00e9resse, voici les th\u00e9matiques abord\u00e9es:<\/p>\n\n\n\n<ul class=\"wp-block-list\"><li>Le populisme de gauche est-il compatible avec la d\u00e9mocratie ? (Un essai qui \u00e9tait bas\u00e9 sur la lecture de Chantal Mouffe, <em>Pour un populisme de gauche<\/em>, 2018)<\/li><li>Perception et l\u00e9gitimation des agences de renseignements dans la d\u00e9mocratie fran\u00e7aise<\/li><li>Genre et populisme de droite radicale en France <em>(En gros j&#8217;y parle d&#8217;extr\u00eame-droite et de la figure de Marine Le Pen)<\/em><\/li><li>Grand \u00c9crit : L&#8217;action publique en mati\u00e8re de consommation durable<\/li><\/ul>\n\n\n\n<p>J&#8217;avais donc beaucoup \u00e0 faire pendant cette p\u00e9riode, et je n&#8217;ai pas eu le temps de m&#8217;ennuyer, d&#8217;autant plus que le confinement n&#8217;\u00e9tait pas aussi stricte qu&#8217;en France. <\/p>\n\n\n\n<h3 class=\"wp-block-heading\">Semestre d&#8217;\u00e9t\u00e9,&#8221;semestre cr\u00e9atif&#8221;<\/h3>\n\n\n\n<p>Les cours du deuxi\u00e8me semestre ont commenc\u00e9 le 20 avril, et en ligne bien \u00e9videmment. Pour cette raison, l&#8217;administration de la Freie Universit\u00e4t a appel\u00e9 les professeurs \u00e0 \u00eatre bienveillants et les \u00e9l\u00e8ves \u00e0 faire preuve de cr\u00e9ativit\u00e9, tant dans les le\u00e7ons quand dans les devoirs \u00e0 rendre.<\/p>\n\n\n\n<p>\u00c9tant donn\u00e9 que j&#8217;avais beaucoup de cours au premier semestre, j&#8217;en ai choisi moins pour le semestre d&#8217;\u00e9t\u00e9 et je n&#8217;ai pris que des cours sans partiel ni rendu \u00e9crit (de type Hausarbeit) \u00e0 la fin du semestre : il s&#8217;agit donc de cours avec une \u00e9valuation fond\u00e9e sur le principe de valid\u00e9\/non valid\u00e9. Voici la th\u00e9matique de mes cours (tous tr\u00e8s int\u00e9ressants) :<\/p>\n\n\n\n<ul class=\"wp-block-list\"><li><strong>S\u00e9minaire sur le Covid19 (Pr. Dr. Martin Voss) :<\/strong> comme une sorte de think tank, nous analysons les cons\u00e9quences du Covid19 sur la vie quotidienne, le discours port\u00e9 sur la maladie dans les m\u00e9dias, comment cet \u00e9v\u00e9nement peut \u00eatre rapport\u00e9 aux \u00e9tudes de catastrophe, etc. Dans le cadre de ce cours, j&#8217;ai conduit une enqu\u00eate quantitative sur l&#8217;exp\u00e9rience des \u00e9tudiants de Sciences Po en 3A (comme moi) et l&#8217;acc\u00e8s aux cours en ligne. J&#8217;ai \u00e9galement men\u00e9 des entretiens qualitatifs avec trois fran\u00e7ais sur leur exp\u00e9rience du confinement.<\/li><li><strong>Identity politics in times of post-truth (Danniel Gobbi Fraga da Silva) : <\/strong>j&#8217;avais d\u00e9j\u00e0 suivi un cours sur le populisme avec ce professeur au semestre d&#8217;hiver et je l&#8217;avais beaucoup appr\u00e9ci\u00e9. Ici, on \u00e9tudie la formation des identit\u00e9s dans les mouvements et partis politiques. Nous avons lu beaucoup de textes de psychanalyse qui \u00e9taient tr\u00e8s complexes puis nous avons ensuite appliqu\u00e9 les concepts en \u00e9coutant et visionnant des vid\u00e9os et podcasts d&#8217;influenceurs politiques sur YouTube, que ce soit de l&#8217;extr\u00eame-gauche ou de l&#8217;alt-right. <\/li><li><strong>Women in African Colonial Histories (Sara Mohammadpur-Dehkordi) :<\/strong> c&#8217;est un cours qui rel\u00e8ve des \u00e9tudes de genre et des \u00e9tudes postcoloniales qui est tr\u00e8s int\u00e9ressants car c&#8217;est bien la premi\u00e8re fois que j&#8217;entends parler du r\u00f4le des femmes dans les r\u00e9voltes, mouvements et guerres d&#8217;ind\u00e9pendance en Afrique sub-saharienne. <\/li><\/ul>\n\n\n\n<p>J&#8217;ai \u00e9galement continu\u00e9 les cours de portugais et d&#8217;allemand <em>(qu&#8217;il \u00e9tait hors de question d&#8217;abandonner)<\/em>. <\/p>\n\n\n\n<p>Entre-temps, il y a bien s\u00fbr le d\u00e9confinement gr\u00e2ce auquel j&#8217;ai ainsi pu ainsi retrouver mes amis dans un parc sans difficult\u00e9, prendre un verre en terrasse, bref retrouver une vie sociale quoi !<\/p>\n\n\n\n<hr class=\"wp-block-separator is-style-wide\"\/>\n\n\n\n<p>Pour la musique, cette fois-ci, je vous partage un peu de techno berlinoise (promis c&#8217;est abordable), <em>Cloud Rider<\/em> de Paul Kalkbrenner : <a href=\"https:\/\/www.youtube.com\/watch?v=6j5t6WjtSfk\">https:\/\/www.youtube.com\/watch?v=6j5t6WjtSfk<\/a><\/p>\n\n\n\n<figure class=\"wp-block-embed-youtube wp-block-embed is-type-video is-provider-youtube wp-embed-aspect-16-9 wp-has-aspect-ratio\"><div class=\"wp-block-embed__wrapper\">\n<iframe loading=\"lazy\" title=\"Paul Kalkbrenner - Cloud Rider (Official Video)\" width=\"960\" height=\"540\" src=\"https:\/\/www.youtube.com\/embed\/6j5t6WjtSfk?feature=oembed\" frameborder=\"0\" allow=\"accelerometer; autoplay; encrypted-media; gyroscope; picture-in-picture\" allowfullscreen><\/iframe>\n<\/div><\/figure>\n","protected":false},"excerpt":{"rendered":"<p>J&#8217;ai donc pass\u00e9 le confinement \u00e0 Berlin durant le mois de mars et d&#8217;avril. Il \u00e9tait pour moi hors de question de rester enferm\u00e9e dans l&#8217;appartement parisien de mes parents, sans pouvoir sortir librement dans la journ\u00e9e \u00e0 plus d&#8217;1km de la maison. Un confinement riche en activit\u00e9s Je n&#8217;ai pas du tout regrett\u00e9 ce choix, bien que le d\u00e9part fut tr\u00e8s rapide et que ma famille me manquait particuli\u00e8rement en ces temps difficiles. A Berlin, je n&#8217;\u00e9tais cependant pas toute seule : Gabrielle, une de mes colocs fran\u00e7aises, est \u00e9galement rest\u00e9e \u00e0 Berlin et nous avons donc pass\u00e9 deux mois seules toutes les deux dans notre appartement. Cela nous a \u00e9videmment beaucoup rapproch\u00e9es et nous avons trouv\u00e9 une quantit\u00e9 impressionnante d&#8217;activit\u00e9s \u00e0 faire pour nous occuper : soir\u00e9es Blind Test ou jeux de carte, apr\u00e8s-midis pass\u00e9s \u00e0 bronzer sur la terrasse (il faisait tr\u00e8s beau et chaud d\u00e9j\u00e0 \u00e0 cette p\u00e9riode), cuisiner ensemble (tarte aux fraises sans gluten et fondue au chocolat), am\u00e9nager un petit potager sur notre balcon, ou encore r\u00e9aliser des portraits. J&#8217;ai \u00e9galement pass\u00e9 beaucoup de temps avec mon amie Sophie, britannique, avec qui j&#8217;ai fait de nombreuses balades \u00e0 v\u00e9lo dans les alentours. Et puis, sans Gabrielle, ce confinement aurait \u00e9t\u00e9 bien plus triste, car elle a toujours les mots et les expressions pour me faire rire (que ce soit volontaire ou non) ! Un confinement studieux N\u00e9anmoins, le confinement est \u00e9galement pass\u00e9 assez vite car j&#8217;avais en outre beaucoup de choses \u00e0 faire : r\u00e9diger trois Hausarbeiten (essais) et mon Grand \u00c9crit du Parcours Civique, une sorte de mini-m\u00e9moire orient\u00e9e vers la note d&#8217;action publique pour valider la fin de ma licence \u00e0 Sciences Po. Il faut en outre savoir que j&#8217;ai d\u00e9cid\u00e9 de traiter de sujets tr\u00e8s complexes non abord\u00e9s en cours pour deux de mes Hausarbeiten, rendant le travail de recherche d&#8217;autant plus long et fastidieux. Si cela vous int\u00e9resse, voici les th\u00e9matiques abord\u00e9es: Le populisme de gauche est-il compatible avec la d\u00e9mocratie ? (Un essai qui \u00e9tait bas\u00e9 sur la lecture de Chantal Mouffe, Pour un populisme de gauche, 2018) Perception et l\u00e9gitimation des agences de renseignements dans la d\u00e9mocratie fran\u00e7aise Genre et populisme de droite radicale en France (En gros j&#8217;y parle d&#8217;extr\u00eame-droite et de la figure de Marine Le Pen) Grand \u00c9crit : L&#8217;action publique en mati\u00e8re de consommation durable J&#8217;avais donc beaucoup \u00e0 faire pendant cette p\u00e9riode, et je n&#8217;ai pas eu le temps de m&#8217;ennuyer, d&#8217;autant plus que le confinement n&#8217;\u00e9tait pas aussi stricte qu&#8217;en France. Semestre d&#8217;\u00e9t\u00e9,&#8221;semestre cr\u00e9atif&#8221; Les cours du deuxi\u00e8me semestre ont commenc\u00e9 le 20 avril, et en ligne bien \u00e9videmment. Pour cette raison, l&#8217;administration de la Freie Universit\u00e4t a appel\u00e9 les professeurs \u00e0 \u00eatre bienveillants et les \u00e9l\u00e8ves \u00e0 faire preuve de cr\u00e9ativit\u00e9, tant dans les le\u00e7ons quand dans les devoirs \u00e0 rendre. \u00c9tant donn\u00e9 que j&#8217;avais beaucoup de cours au premier semestre, j&#8217;en ai choisi moins pour le semestre d&#8217;\u00e9t\u00e9 et je n&#8217;ai pris que des cours sans partiel ni rendu \u00e9crit (de type Hausarbeit) \u00e0 la fin du semestre : il s&#8217;agit donc de cours avec une \u00e9valuation fond\u00e9e sur le principe de valid\u00e9\/non valid\u00e9. Voici la th\u00e9matique de mes cours (tous tr\u00e8s int\u00e9ressants) : S\u00e9minaire sur le Covid19 (Pr. Dr. Martin Voss) : comme une sorte de think tank, nous analysons les cons\u00e9quences du Covid19 sur la vie quotidienne, le discours port\u00e9 sur la maladie dans les m\u00e9dias, comment cet \u00e9v\u00e9nement peut \u00eatre rapport\u00e9 aux \u00e9tudes de catastrophe, etc. Dans le cadre de ce cours, j&#8217;ai conduit une enqu\u00eate quantitative sur l&#8217;exp\u00e9rience des \u00e9tudiants de Sciences Po en 3A (comme moi) et l&#8217;acc\u00e8s aux cours en ligne. J&#8217;ai \u00e9galement men\u00e9 des entretiens qualitatifs avec trois fran\u00e7ais sur leur exp\u00e9rience du confinement. Identity politics in times of post-truth (Danniel Gobbi Fraga da Silva) : j&#8217;avais d\u00e9j\u00e0 suivi un cours sur le populisme avec ce professeur au semestre d&#8217;hiver et je l&#8217;avais beaucoup appr\u00e9ci\u00e9. Ici, on \u00e9tudie la formation des identit\u00e9s dans les mouvements et partis politiques. Nous avons lu beaucoup de textes de psychanalyse qui \u00e9taient tr\u00e8s complexes puis nous avons ensuite appliqu\u00e9 les concepts en \u00e9coutant et visionnant des vid\u00e9os et podcasts d&#8217;influenceurs politiques sur YouTube, que ce soit de l&#8217;extr\u00eame-gauche ou de l&#8217;alt-right. Women in African Colonial Histories (Sara Mohammadpur-Dehkordi) : c&#8217;est un cours qui rel\u00e8ve des \u00e9tudes de genre et des \u00e9tudes postcoloniales qui est tr\u00e8s int\u00e9ressants car c&#8217;est bien la premi\u00e8re fois que j&#8217;entends parler du r\u00f4le des femmes dans les r\u00e9voltes, mouvements et guerres d&#8217;ind\u00e9pendance en Afrique sub-saharienne. J&#8217;ai \u00e9galement continu\u00e9 les cours de portugais et d&#8217;allemand (qu&#8217;il \u00e9tait hors de question d&#8217;abandonner). Entre-temps, il y a bien s\u00fbr le d\u00e9confinement gr\u00e2ce auquel j&#8217;ai ainsi pu ainsi retrouver mes amis dans un parc sans difficult\u00e9, prendre un verre en terrasse, bref retrouver une vie sociale quoi ! Pour la musique, cette fois-ci, je vous partage un peu de techno berlinoise (promis c&#8217;est abordable), Cloud Rider de Paul Kalkbrenner : https:\/\/www.youtube.com\/watch?v=6j5t6WjtSfk<\/p>\n","protected":false},"author":1,"featured_media":552,"comment_status":"open","ping_status":"open","sticky":false,"template":"","format":"standard","meta":{"footnotes":""},"categories":[63,93,84,22],"tags":[94,85,23,96,95],"class_list":["post-527","post","type-post","status-publish","format-standard","has-post-thumbnail","hentry","category-allemagne","category-confinement","category-covid19","category-freie-universitat","tag-confinement","tag-covid19","tag-freie-universitaet","tag-hausarbeit","tag-semestre"],"acf":[],"_links":{"self":[{"href":"https:\/\/allespalettiinberlin.fr\/index.php?rest_route=\/wp\/v2\/posts\/527","targetHints":{"allow":["GET"]}}],"collection":[{"href":"https:\/\/allespalettiinberlin.fr\/index.php?rest_route=\/wp\/v2\/posts"}],"about":[{"href":"https:\/\/allespalettiinberlin.fr\/index.php?rest_route=\/wp\/v2\/types\/post"}],"author":[{"embeddable":true,"href":"https:\/\/allespalettiinberlin.fr\/index.php?rest_route=\/wp\/v2\/users\/1"}],"replies":[{"embeddable":true,"href":"https:\/\/allespalettiinberlin.fr\/index.php?rest_route=%2Fwp%2Fv2%2Fcomments&post=527"}],"version-history":[{"count":3,"href":"https:\/\/allespalettiinberlin.fr\/index.php?rest_route=\/wp\/v2\/posts\/527\/revisions"}],"predecessor-version":[{"id":554,"href":"https:\/\/allespalettiinberlin.fr\/index.php?rest_route=\/wp\/v2\/posts\/527\/revisions\/554"}],"wp:featuredmedia":[{"embeddable":true,"href":"https:\/\/allespalettiinberlin.fr\/index.php?rest_route=\/wp\/v2\/media\/552"}],"wp:attachment":[{"href":"https:\/\/allespalettiinberlin.fr\/index.php?rest_route=%2Fwp%2Fv2%2Fmedia&parent=527"}],"wp:term":[{"taxonomy":"category","embeddable":true,"href":"https:\/\/allespalettiinberlin.fr\/index.php?rest_route=%2Fwp%2Fv2%2Fcategories&post=527"},{"taxonomy":"post_tag","embeddable":true,"href":"https:\/\/allespalettiinberlin.fr\/index.php?rest_route=%2Fwp%2Fv2%2Ftags&post=527"}],"curies":[{"name":"wp","href":"https:\/\/api.w.org\/{rel}","templated":true}]}}