{"id":930,"date":"2021-12-12T21:38:25","date_gmt":"2021-12-12T20:38:25","guid":{"rendered":"https:\/\/allespalettiinberlin.fr\/?p=930"},"modified":"2022-03-10T18:15:43","modified_gmt":"2022-03-10T17:15:43","slug":"liste-de-films-allemands-pour-les-nostalgiques","status":"publish","type":"post","link":"https:\/\/allespalettiinberlin.fr\/?p=930","title":{"rendered":"Liste de films allemands pour les nostalgiques"},"content":{"rendered":"\n<h5 class=\"wp-block-heading\"><em>Eh oui, je suis nostalgique de Berlin. Pour ne pas oublier cette ville durant laquelle j&#8217;ai v\u00e9cu une ann\u00e9e intense et m\u00e9morable, j&#8217;aime y retourner \u00e0 travers les films et s\u00e9ries.<\/em> <em>Je vous propose donc ici une liste non-exhaustive de films allemands ou portant sur la th\u00e9matique de l&#8217;Allemagne. Je les ai class\u00e9 par \u00e9poque, puis par genre et\/ou par r\u00e9alisateur. Un petit descriptif accompagne chaque film afin de vous donner une id\u00e9e de l&#8217;intrigue. Viel Spass!<\/em><\/h5>\n\n\n\n<h4 class=\"wp-block-heading\">Classiques ante 2<sup>e<\/sup> GM<\/h4>\n\n\n\n<ul class=\"wp-block-list\"><li><em>Nosferatu, eine Symphonie des Grauens, <\/em>Friedrich Wilhelm Murnau, 1922 (muet)<\/li><\/ul>\n\n\n\n<p>Histoire d\u2019un vampire en Transylvanie.<\/p>\n\n\n\n<ul class=\"wp-block-list\"><li><em>Sinfonie der Gro\u00dfstadt,<\/em> Walter Ruttmann, 1927(muet)<\/li><\/ul>\n\n\n\n<p>Pr\u00e9sentation de Berlin sous la R\u00e9publique de Weimar&nbsp;: vie quotidienne, habitants, us et coutumes, relations, classes sociales. Les plans qui s\u2019encha\u00eenent \u00e0 une grande vitesse et la libert\u00e9 de cam\u00e9ra sont impressionnants pour l\u2019\u00e9poque. Quelques touches d\u2019humour \u00e0 travers des superpositions de plans humains\/animaux.<\/p>\n\n\n\n<p><a href=\"https:\/\/www.youtube.com\/watch?v=CdDXS84F1_M\">https:\/\/www.youtube.com\/watch?v=CdDXS84F1_M<\/a><\/p>\n\n\n\n<ul class=\"wp-block-list\"><li><em>Metropolis<\/em>, Fritz Lang, 1927 (muet)<\/li><\/ul>\n\n\n\n<p>Je ne pense pas avoir besoin de le repr\u00e9senter mais grand classique du cin\u00e9ma allemand&nbsp;: un film de science-fiction expressionniste, dans une soci\u00e9t\u00e9 dystopique o\u00f9 les riches vivent dans la ville haute et les travailleurs dans la ville basse. Un scientifique cr\u00e9\u00e9 un robot \u00e0 l\u2019apparence f\u00e9minine qui guide les ouvriers vers la r\u00e9volution.<\/p>\n\n\n\n<ul class=\"wp-block-list\"><li><em>Menschen am Sonntag<\/em>, Robert Siodmak, Edgar G. Ulmer, 1930 (muet)<\/li><\/ul>\n\n\n\n<p>Un film qui nous fait vivre un dimanche entier dans la vie des berlinois de la R\u00e9publique de Weimar. On y voit toutes les activit\u00e9s de loisirs de l\u2019\u00e9poque, mais aussi les d\u00e9buts de l\u2019\u00e9mancipation de la femme (m\u0153urs, relations avec les hommes, travail, ind\u00e9pendance, coiffures courtes\u2026). L\u2019apr\u00e8s-midi au bord du lac a \u00e9t\u00e9 film\u00e9 \u00e0 Wansee, au sud de Berlin (et pr\u00e8s d\u2019o\u00f9 j\u2019habite).<\/p>\n\n\n\n<p><a href=\"https:\/\/archive.org\/details\/peopleOnSundaymenschenAmSonntag1930\">https:\/\/archive.org\/details\/peopleOnSundaymenschenAmSonntag1930<\/a> (avec sous-titres anglais)<\/p>\n\n\n\n<ul class=\"wp-block-list\"><li><em>M \u2013 Eine Stadt such einen M\u00f6rder (M le maudit)<\/em>, Fritz Lang, 1931<\/li><\/ul>\n\n\n\n<p>Un tueur en s\u00e9rie s\u00e9vit dans des quartiers ouvriers de Berlin, o\u00f9 il enl\u00e8ve des enfants et les tue. Personne ne parvient \u00e0 d\u00e9masquer l\u2019identit\u00e9 du tueur et tout le monde en vient \u00e0 se soup\u00e7onner et \u00e0 se d\u00e9noncer. C\u2019est un des films pionniers dans l\u2019utilisation du leitmotiv (ici une musique siffl\u00e9e) et a certainement \u00e9t\u00e9 influenc\u00e9 par le contexte de la mont\u00e9e du nazisme en Allemagne (suspicions et d\u00e9nonciations entre voisins par exemple).<\/p>\n\n\n\n<p><a href=\"https:\/\/www.youtube.com\/watch?v=ssdtn60srNc\">https:\/\/www.youtube.com\/watch?v=ssdtn60srNc<\/a> (sous-titres fran\u00e7ais)<\/p>\n\n\n\n<ul class=\"wp-block-list\"><li><em>Kuhle Wampe oder: Wem geh\u00f6rt die Welt<\/em>, Slatan Dudow, 1932<\/li><\/ul>\n\n\n\n<p>Film \u00e9crit par Bertolt Brecht (et donc dans son style th\u00e9\u00e2tral). Film ouvertement communiste et cherchant \u00e0 diffuser ses valeurs et \u00e0 repr\u00e9senter la vie du prol\u00e9tariat&nbsp;: on suit l\u2019histoire d\u2019une famille berlinoise dans la crise \u00e9conomique, qui se retrouve \u00e0 vivre dans une colonie ouvri\u00e8re autonome. On y voit le travail ouvrier, les relations hommes\/femmes (ces derni\u00e8res sont \u00e9mancip\u00e9es, peuvent choisir d\u2019\u00e9lever leurs enfants seules sans mari donc elles sont tr\u00e8s ind\u00e9pendantes), etc.<\/p>\n\n\n\n<p>Je n\u2019ai malheureusement que le lien vers la version allemande (peut-\u00eatre qu\u2019une version avec des sous-titres fran\u00e7ais peut se trouver en DVD ou m\u00e9diath\u00e8ques)&nbsp;:<\/p>\n\n\n\n<p><a href=\"https:\/\/www.youtube.com\/watch?v=SWK2Rhh2T6c&amp;t=535s\">https:\/\/www.youtube.com\/watch?v=SWK2Rhh2T6c&amp;t=535s<\/a><\/p>\n\n\n\n<ul class=\"wp-block-list\"><li><em>Der Triumph des Willens<\/em>, Leni Riefenstahl, 1935<\/li><\/ul>\n\n\n\n<p>Un des films de propagande nazie les plus connus&nbsp;: on y voit Hitler aupr\u00e8s du peuple, acclam\u00e9. Le film suit surtout le congr\u00e8s du NSDAP \u00e0 Nuremberg en 1934. Int\u00e9ressant \u00e0 regarder pour analyser les techniques de propagande.<\/p>\n\n\n\n<p><a href=\"https:\/\/archive.org\/details\/TriumphOfTheWillgermanTriumphDesWillens\">https:\/\/archive.org\/details\/TriumphOfTheWillgermanTriumphDesWillens<\/a> (sous-titres anglais)<\/p>\n\n\n\n<p>Bonus&nbsp;: <em>Olympia<\/em> de la m\u00eame r\u00e9alistarice (1938) qui relate les Jeux Olympiques de Berlin de 1936 avec une mise en avant des corps sculpt\u00e9s comme les h\u00e9ros grecs (tr\u00e8s important dans la doctrine nazie)&nbsp;: <a href=\"https:\/\/www.youtube.com\/watch?v=H3LOPhRq3Es\">https:\/\/www.youtube.com\/watch?v=H3LOPhRq3Es<\/a><\/p>\n\n\n\n<h4 class=\"wp-block-heading\">Films de la Guerre Froide (tourn\u00e9s pendant cette p\u00e9riode)<\/h4>\n\n\n\n<ul class=\"wp-block-list\"><li><em>Deutschland im Jahre Null<\/em>, Roberto Rossellini, 1948<\/li><\/ul>\n\n\n\n<p>Un film assez peu connu de Rossellini qui refl\u00e8te n\u00e9anmoins tr\u00e8s bien le courant n\u00e9or\u00e9aliste italien. Rossellini a tourn\u00e9 presque l\u2019enti\u00e8ret\u00e9 des sc\u00e8nes dans les ruines \u00e0 Berlin avec des acteurs qui font leur premi\u00e8re exp\u00e9rience devant la cam\u00e9ra et qui ont v\u00e9cu la guerre sur place. Un film qui cherche donc \u00e0 repr\u00e9senter la r\u00e9alit\u00e9 de \u00ab&nbsp;l\u2019apr\u00e8s&nbsp;\u00bb en Allemagne de l\u2019Ouest.<\/p>\n\n\n\n<p><a href=\"https:\/\/www.youtube.com\/watch?v=WUDg2L53WNY\">https:\/\/www.youtube.com\/watch?v=WUDg2L53WNY<\/a> (sous-titres fran\u00e7ais)<\/p>\n\n\n\n<ul class=\"wp-block-list\"><li><em>Berlin \u2013 Ecke Sch\u00f6nhauser<\/em>, Gerhart Klein, 1957<\/li><\/ul>\n\n\n\n<p>C\u2019est un film de la DEFA (soci\u00e9t\u00e9 de production de la RDA) au tout d\u00e9but de la Guerre Froide, quand Berlin n\u2019est pas encore s\u00e9par\u00e9e d\u2019un mur. Cette ambiance particuli\u00e8re se refl\u00e8te dans la facilit\u00e9 de circulation entre les deux zones et les th\u00e8mes abord\u00e9s (notamment la jeunesse rebelle).<\/p>\n\n\n\n<p>Il est disponible sur l\u2019Amazone Prime Video allemand mais je pense que sinon il faut le trouver en m\u00e9diath\u00e8que.<\/p>\n\n\n\n<ul class=\"wp-block-list\"><li><em>One, two, three<\/em>, Billy Wilders, 1961<\/li><\/ul>\n\n\n\n<p>C\u2019est une superbe com\u00e9die am\u00e9ricaine \u00e0 la Wilder&nbsp;: tr\u00e8s dr\u00f4le et en avance sur son temps, ce film a \u00e9t\u00e9 un \u00e9chec \u00e0 l\u2019\u00e9poque de sa sortie, mais il est devenu culte (et surtout la musique principale \u00ab Sabre Dance&nbsp;\u00bb qui est tr\u00e8s connue) par la suite. Petite anecdote amusante&nbsp;: le film a commenc\u00e9 \u00e0 \u00eatre tourn\u00e9 en 1961 se tournait majoritairement en ext\u00e9rieur, il a donc directement \u00e9t\u00e9 impact\u00e9 par la construction du mur et ils ont d\u00fb tourner des sc\u00e8nes en studio en reproduisant notamment la porte de Brandenburg.<\/p>\n\n\n\n<p>Le film se trouve facilement dans les m\u00e9diath\u00e8ques.<\/p>\n\n\n\n<ul class=\"wp-block-list\"><li><em>Die allseitig reduzierte Pers\u00f6nlichkeit \u2013 Redupers, <\/em>Helke Sanders, 1977<\/li><\/ul>\n\n\n\n<p>Helke Sanders r\u00e9alise et joue le r\u00f4le principal de ce film. Elle y interpr\u00e8te une photographe qui \u00e9duque son enfant seule et qui est \u00e0 la recherche du projet artistique qui pourrait lancer sa carri\u00e8re. C\u2019est une r\u00e9flexion sur Berlin divis\u00e9e, sur la condition de la femme et du f\u00e9minise en Allemagne de l\u2019Ouest, et sur la vie d\u2019artiste.<\/p>\n\n\n\n<p>C\u2019est un film que je conseille beaucoup car c\u2019est un vrai film d\u2019auteur, mais il est tr\u00e8s difficile \u00e0 trouver sur Internet. Il est peut-\u00eatre disponible dans certaines m\u00e9diath\u00e8ques.<\/p>\n\n\n\n<ul class=\"wp-block-list\"><li><em>Wir Kinder vom Bahnhof Zoo (Moi Christiane F., 1\u201c ans, drogu\u00e9e, prostitu\u00e9e\u2026),<\/em> Uli Edel, 1981<\/li><\/ul>\n\n\n\n<p>Ce film est inspir\u00e9 de la biographie de Christiane Felscherinow, \u00e9crite par des journalistes allemands. Il relate l\u2019histoire de cette berlinoise qui, \u00e0 seulement 13 ans, \u00e9tait toxicomane et se prostituait \u00e0 la station de m\u00e9tro du Zoo (Berlin-Ouest) pour se payer les doses. Petit fait peu connu&nbsp;: David Bowie fait une apparition dans le film dans une salle de concert (et Bowie adorait Berlin au passage donc c\u2019est peu \u00e9tonnant qu\u2019il ait accept\u00e9 de tourner ici).<\/p>\n\n\n\n<p>Il est disponible sur certaines plateformes et s\u00fbrement en m\u00e9diath\u00e8que.<\/p>\n\n\n\n<ul class=\"wp-block-list\"><li><em>Der Himmel \u00fcber Berlin (Les Ailes du D\u00e9sir)<\/em>, Wim Wenders, 1987<\/li><\/ul>\n\n\n\n<p>Celui-l\u00e0 est un de mes films pr\u00e9f\u00e9r\u00e9s. Il est tr\u00e8s lent et r\u00e9flexif donc s\u2019abstenir si on a du mal avec ce genre de films. Les th\u00e8mes abord\u00e9s sont tr\u00e8\u00e8\u00e8\u00e8s larges&nbsp;: sens de la vie, la cr\u00e9ativit\u00e9 et l\u2019imagination, la condition humaine, l\u2019histoire et notre rapport \u00e0 la m\u00e9moire et au pass\u00e9 mais aussi les sentiments et l\u2019inconnu. C\u2019est un film tr\u00e8s riche, on pourrait passer des heures et des heures \u00e0 l\u2019analyser. Une vraie p\u00e9pite du cin\u00e9ma allemand.<\/p>\n\n\n\n<p>Il est disponible sur YouTube et Amazon Prime Video il me semble (donc \u00e0 louer \u00e7a revient s\u00fbrement assez peu cher) et sinon il est forc\u00e9ment disponible en m\u00e9diath\u00e8que car il a eu un succ\u00e8s international.&nbsp;<\/p>\n\n\n\n<ul class=\"wp-block-list\"><li><em>Die Architekten,<\/em> Peter Kahane, 1990<\/li><\/ul>\n\n\n\n<p>C\u2019est un film qui n\u2019a pas du tout march\u00e9 \u00e0 sa sortie en box-office parce qu\u2019il a \u00e9t\u00e9 produit au mauvais moment. Il expose les obstacles \u00e0 la cr\u00e9ativit\u00e9 et aux id\u00e9es nouvelles auxquels sont confront\u00e9s les artistes et architectes de la RDA. Le mod\u00e8le communiste veut privil\u00e9gier les architectures simples mais impressionnantes et suffisamment bien am\u00e9nag\u00e9es pour loger le plus de monde&nbsp;; il privil\u00e9gie le pratique et le bon march\u00e9 sur l\u2019originalit\u00e9 et l\u2019art. On suit donc le combat d\u2019un groupe de jeunes architectes qui veulent moderniser ce mod\u00e8le.<\/p>\n\n\n\n<p>Il est disponible sur le Prime allemand mais non sous-titr\u00e9. Comme il est peu connu, je ne pense pas qu\u2019on puisse le trouver autrement.<\/p>\n\n\n\n<h4 class=\"wp-block-heading\">Films depuis les ann\u00e9es 1990<\/h4>\n\n\n\n<p>Ces films \u00e9tant r\u00e9cents, on peut les trouver un peu partout&nbsp;(et payant g\u00e9n\u00e9ralement)&nbsp;: YouTube, Netflix, Amazone Prime Video, etc., ainsi que dans les m\u00e9diath\u00e8ques \u00e9videmment.<\/p>\n\n\n\n<h4 class=\"wp-block-heading\"><strong><em>Film d\u2019action\/Thriller<\/em><\/strong><\/h4>\n\n\n\n<ul class=\"wp-block-list\"><li><em>Funny Games<\/em>, Michael Haneke, 1997<\/li><\/ul>\n\n\n\n<p>C\u2019est une p\u00e9pite du cin\u00e9ma autrichien, un de ces thrillers qui vous emp\u00eachent de dormir. Il s\u2019agit de l\u2019histoire d\u2019un couple qui partent dans leur maison de campagne avec leur fils et leur chien, mais deux \u00e9tranges inconnus semblent s\u2019int\u00e9resser un peu trop \u00e0 eux\u2026 Attention, les images sont tr\u00e8s choquantes dans ce film car il est r\u00e9aliste&nbsp;; s\u2019abstenir si on ne supporte pas le gore\/la vue du sang.<\/p>\n\n\n\n<ul class=\"wp-block-list\"><li><em>Lola rennt<\/em>, Tom Tykwer, 1998<\/li><\/ul>\n\n\n\n<p>Un film allemand tr\u00e8s connu qui rompt beaucoup avec les pr\u00e9c\u00e9dents films de la liste et insuffle un nouveau mouvement dans le cin\u00e9ma allemand. Les musiques ont \u00e9t\u00e9 faites par le r\u00e9alisateur et s\u2019inspirent clairement de la techno berlinoise (d\u00e9j\u00e0 tr\u00e8s en vogue \u00e0 l\u2019\u00e9poque). Un film sur le mod\u00e8le de <em>Rashomon<\/em> avec plusieurs fins alternatives selon des points de vue diff\u00e9rents.<\/p>\n\n\n\n<ul class=\"wp-block-list\"><li><em>Die fetten Jahre sind vorbei (The Edukators),<\/em> Hans Weingartner, 2004<\/li><\/ul>\n\n\n\n<p>Trois jeunes allemands anticapitalistes s\u2018associent pour se rebeller contre le monde actuel et m\u00e8nent des actions dans des villas de riches familles. C\u2019est un film sur l\u2019engagement politique et la forme qu\u2019il prend sur la dur\u00e9e, notamment \u00e0 travers un personnage anciennement socialiste mais qui a abandonn\u00e9 ses id\u00e9aux pour vivre richement.<\/p>\n\n\n\n<ul class=\"wp-block-list\"><li><em>Das Leben der Anderen<\/em>, Florian Henckel von Donnersmack, 2006<\/li><\/ul>\n\n\n\n<p>Un excellent film, tr\u00e8s connu (il a notamment gagn\u00e9 l\u2019Oscar du meilleur film international), qui relate la mise sous \u00e9coute d\u2019un couple d\u2019artistes par la Stasi. On suit donc leur vie \u00e0 travers les \u00e9coutes et l\u2019espionnage de l\u2019officier Gerd Wiesler, qui apprend en m\u00eame temps que nous \u00e0 les conna\u00eetre.<\/p>\n\n\n\n<ul class=\"wp-block-list\"><li><em>Die Welle<\/em>, Dennis Gansel, 2008<\/li><\/ul>\n\n\n\n<p>Un film aussi tr\u00e8s connu, que les LV1 ou LV2 allemands ont g\u00e9n\u00e9ralement vu au coll\u00e8ge ou au lyc\u00e9e. Un professeur dans un lyc\u00e9e propose d\u2019animer un atelier sur le th\u00e8me de l\u2019autocratie avec une m\u00e9thode assez atypique&nbsp;: pour que les \u00e9l\u00e8ves prennent conscience du possible retour au totalitarisme dans un pays tel que l\u2019Allemagne, il organise un jeu de r\u00f4le grandeur nature en infligeant des r\u00e8gles strictes de discipline aux \u00e9l\u00e8ves. Un jeu qui va tourner au cauchemar\u2026<\/p>\n\n\n\n<ul class=\"wp-block-list\"><li><em>Der Baader Meinhof Komplex<\/em>, Uli Edel, 2008<\/li><\/ul>\n\n\n\n<p>C\u2019est l\u2019histoire de la bande \u00e0 Baader, une organisation terroriste de l\u2019extr\u00eame-gauche allemande aussi appel\u00e9e \u00ab&nbsp;Die Rote Armee Fraktion&nbsp;\u00bb (la Fraction arm\u00e9e rouge). Elle s\u2019est form\u00e9e en 1967 apr\u00e8s la mort de Benno Ohnesorg, un \u00e9tudiant qui militait contre la venue du Shah iranien Mohammad Reza Pahlavi. Le mouvement s\u2019est radicalis\u00e9 apr\u00e8s les affrontements de 1968 avec la police allemande (mai 1968 a aussi eu lieu en Allemagne de l\u2019Ouest), o\u00f9 le leader Rudi Dutschke est victime d\u2019une tentative d\u2019assassinat. Le groupe se met alors \u00e0 poser des bombes dans des lieux fr\u00e9quent\u00e9s (centres commerciaux, commissariats\u2026).<\/p>\n\n\n\n<p>Je conseille vraiment ce film car il relate des faits r\u00e9els qui ont boulevers\u00e9 l\u2019Allemagne de l\u2019Ouest pendant plusieurs ann\u00e9es, et dont on conna\u00eet tr\u00e8s peu l\u2019histoire en France.<\/p>\n\n\n\n<ul class=\"wp-block-list\"><li><em>Victoria<\/em>, Sebastian Schipper, 2015<\/li><\/ul>\n\n\n\n<p>Ce film est une petite p\u00e9pite du cin\u00e9ma allemand contemporain&nbsp;: r\u00e9alis\u00e9 en un seul plan s\u00e9quence, il relate l\u2019histoire d\u2019une expatri\u00e9e espagnole, Victoria, qui se retrouve emport\u00e9e dans une histoire de braquage de banque pendant une nuit \u00e0 Berlin. Le rythme du film est bien calcul\u00e9, la performance des acteurs est incroyable (avec Frederick Lau dans les acteurs principaux et qui est tr\u00e8s bon dans les r\u00f4les de criminel). Le film a m\u00eame \u00e9t\u00e9 pr\u00e9sent\u00e9 \u00e0 la Berlinale (festival de film annuel \u00e0 Berlin)&nbsp;: je ne peux que vous conseiller de vous pr\u00e9cipiter pour le voir.<\/p>\n\n\n\n<h4 class=\"wp-block-heading\"><strong><em>Com\u00e9dies<\/em><\/strong><\/h4>\n\n\n\n<ul class=\"wp-block-list\"><li><em>Sonnenallee<\/em>, Leander Hau\u00dfmann, 1999<\/li><\/ul>\n\n\n\n<p>C\u2019est une com\u00e9die sur des jeunes berlinois de l\u2019Est qui r\u00eavent de l\u2019Ouest dans les ann\u00e9es 1970. L\u2019aspect int\u00e9ressant du film est qu\u2019il s\u2019oppose aux habituels repr\u00e9sentations n\u00e9gatives de l\u2019Allemagne de l\u2019Est, o\u00f9 la police politique contr\u00f4le les faits et gestes. Ici, les jeunes certes aspirent \u00e0 la vie de l\u2019Ouest mais semblent bien vivre en RDA.<\/p>\n\n\n\n<ul class=\"wp-block-list\"><li><em>Franz\u00f6sisch f\u00fcr Anf\u00e4nger<\/em>, Christian Ditter, 2006<\/li><\/ul>\n\n\n\n<p>Une com\u00e9die franco-allemande qui a pour th\u00e8me principal un \u00e9change entre des correspondants des deux pays. Il est assez amusant et l\u00e9ger, je l\u2019avais vu au coll\u00e8ge.<\/p>\n\n\n\n<ul class=\"wp-block-list\"><li><em>Er ist wieder da<\/em> <em>(Il est de retour)<\/em>, David Wnendt, 2015<\/li><\/ul>\n\n\n\n<p>Beaucoup de fran\u00e7ais connaissent ce film parce qu\u2019il est disponible sur Netflix. On se retrouve dans un monde parall\u00e8le o\u00f9 Hitler ressuscite et se retrouve dans l\u2019Allemagne de nos jours. Il d\u00e9cide alors de relancer sa campagne politique en l\u2019adaptant au monde actuel. Derri\u00e8re la com\u00e9die, il y a une vraie r\u00e9flexion sur le monde d\u2019aujourd\u2019hui&nbsp;: des sc\u00e8nes ont notamment \u00e9t\u00e9 tourn\u00e9es en cam\u00e9ra cach\u00e9e dans des r\u00e9unions n\u00e9o-nazies, et on entend donc les propos fascistes et racistes de l\u2019Allemagne profonde. Finalement, est-ce qu\u2019on ne pourrait retrouver un leader nazi et croire en lui sans se rendre compte de rien, m\u00eame aujourd\u2019hui&nbsp;? A-t-on r\u00e9ellement tir\u00e9 des le\u00e7ons du pass\u00e9&nbsp;?<\/p>\n\n\n\n<ul class=\"wp-block-list\"><li><em>Wilkommen bei den Hartmanns<\/em>, Simon Verhoeven, 2016<\/li><\/ul>\n\n\n\n<p>Une com\u00e9die qui se fonde sur le m\u00eame principe que <em>Qu\u2019est-ce qu\u2019on a fait au bon dieu&nbsp;?<\/em> La m\u00e8re de famille, se sentant seule et d\u00e9laiss\u00e9e par son mari et ses enfants qui ont d\u00e9j\u00e0 quitt\u00e9 la maison, d\u00e9cide de prendre un r\u00e9fugi\u00e9 sous son aile et de le loger chez eux. Le film est tr\u00e8s touchant et dr\u00f4le et l\u2019humour est l\u00e9g\u00e8rement moins lourd que dans son pendant fran\u00e7ais.&nbsp;<\/p>\n\n\n\n<ul class=\"wp-block-list\"><li><em>Toni Erdman<\/em>, Maren Ade, 2016<\/li><\/ul>\n\n\n\n<p>C\u2019est un film qui a notamment eu un gros succ\u00e8s en France et qui est vraiment tr\u00e8s dr\u00f4le. C\u2019est l\u2019histoire d\u2019un p\u00e8re qui se sent seul et qui s\u2019ennuie, et sa fille lui manque. Il d\u00e9cide de d\u00e9barquer \u00e0 l\u2019improviste \u00e0 Bucarest pour lui rendre visite alors qu\u2019elle en pleine n\u00e9gociation avec des clients importants. Il se fait alors passer pour un riche investisseur et cherche \u00e0 apprendre \u00e0 sa fille \u00e0 vivre pleinement sa vie.<\/p>\n\n\n\n<h4 class=\"wp-block-heading\"><strong><em>Drame\/Com\u00e9die&nbsp;<\/em><\/strong><\/h4>\n\n\n\n<ul class=\"wp-block-list\"><li><em>Good Bye, Lenin!<\/em>, Wolfgang Becker, 2003<\/li><\/ul>\n\n\n\n<p>Un grand classique du cin\u00e9ma allemand, g\u00e9n\u00e9ralement LE film que les \u00e9l\u00e8ves d\u2019allemand regardent au coll\u00e8ge puis au lyc\u00e9e. C\u2019est une tr\u00e8s bonne com\u00e9die&nbsp;avec une histoire farfelue mais bien men\u00e9e&nbsp;: alors qu\u2019elle est cadre du SPD, la m\u00e8re d\u2019Alexander fait un infarctus et tombe dans le coma en 1989. Elle ne se r\u00e9veille que huit mois plus tard alors que le mur de Berlin n\u2019existe plus. Craignant que sa m\u00e8re refasse un infarctus par l\u2019\u00e9motion du changement, Alexander essaie de lui cacher la fin de la RDA et \u00e0 recr\u00e9er de toute pi\u00e8ce (notamment en filmant de fausses \u00e9missions) l\u2019\u00e9poque communiste. Petit plus&nbsp;: Yann Tiersen a compos\u00e9 la bande originale du film.<\/p>\n\n\n\n<ul class=\"wp-block-list\"><li><em>Almanya \u2013 Wilkommen in Deutschland<\/em>, Yasemin <em>\u015e<\/em>amdereli, 2011<\/li><\/ul>\n\n\n\n<p>Un des nombreux films germano-turcs sur la question de l\u2019immigration et de l\u2019identit\u00e9. Dans ce film, il est question de la \u00ab&nbsp;Heimat&nbsp;\u00bb, un mot particulier en allemand qui d\u00e9signe \u00ab&nbsp;un lieu o\u00f9 l\u2019on se sent chez soi&nbsp;\u00bb. Une famille germano-turque va retourner \u00e0 ses racines et r\u00e9apprendre son histoire, des grands-parents aux petits-enfants. C\u2019est une tr\u00e8s belle histoire, amusante et touchante, et qui fait r\u00e9fl\u00e9chir sur l\u2019identit\u00e9, notamment nationale, et sur ce qu\u2019est le \u00ab&nbsp;chez soi&nbsp;\u00bb.<\/p>\n\n\n\n<ul class=\"wp-block-list\"><li><em>Oh Boy<\/em>, Jan Ole Gerster, 2012<\/li><\/ul>\n\n\n\n<p>Alors, je mets ce film dans \u00ab&nbsp;Drame\/Com\u00e9die&nbsp;\u00bb, mais il est assez particulier et il rel\u00e8ve presque de l\u2019absurde. On observe les d\u00e9ambulations d\u2019un jeune homme Niko, qui a quitt\u00e9 la fac et cherche un sens \u00e0 sa vie. Il est fain\u00e9ant et ne s\u2019engage \u00e0 rien au d\u00e9but du film, mais une s\u00e9rie de m\u00e9saventures et de rencontres vont changer sa perception du monde en une journ\u00e9e, le rendant enfin responsable. C\u2019est un tr\u00e8s beau film en noir et blanc avec une inspiration de musique Jazz.<\/p>\n\n\n\n<ul class=\"wp-block-list\"><li><em>Honig im Kopf<\/em>, Til Schweiger, 2014<\/li><\/ul>\n\n\n\n<p>Un film tr\u00e8s touchant et dr\u00f4le sur le p\u00e9riple d\u2019un grand-p\u00e8re, Amandus, et de sa petite fille, Tilda. Amandus est touch\u00e9 par la maladie d\u2019Alzheimer et les parents veulent le placer en Ehpad, ce que Tilda refuse. Elle d\u00e9cide donc de fuguer avec son grand-p\u00e8re pour retrouver des lieux qu\u2019il a fr\u00e9quent\u00e9 et raviver sa m\u00e9moire.<\/p>\n\n\n\n<h4 class=\"wp-block-heading\"><strong><em>Drame<\/em><\/strong><\/h4>\n\n\n\n<ul class=\"wp-block-list\"><li><em>Vier Minuten<\/em>, Chris Kraus, 2006<\/li><\/ul>\n\n\n\n<p>Un film que j\u2019ai d\u00e9couvert \u00e0 la fin du coll\u00e8ge&nbsp;: l\u2019histoire d\u2019une d\u00e9tenue qui va trouver sa voie gr\u00e2ce au piano, se d\u00e9couvrant musicienne prodige, et c\u2019est aussi l\u2019histoire d\u2019une amiti\u00e9 qui va na\u00eetre entre deux g\u00e9n\u00e9rations de femmes (la professeure et la d\u00e9tenue).<\/p>\n\n\n\n<ul class=\"wp-block-list\"><li><em>Berlin Calling<\/em>, Hannes St\u00f6hr, 2008<\/li><\/ul>\n\n\n\n<p>J\u2019ai h\u00e9sit\u00e9 \u00e0 le mettre en \u00ab&nbsp;Drame\/Com\u00e9die&nbsp;\u00bb car plusieurs sc\u00e8nes du film sont loufoques et tr\u00e8s dr\u00f4le, mais il est vrai que le th\u00e8me en lui-m\u00eame reste assez sombre. Il s\u2019agit d\u2019un DJ berlinois qui est addicte aux drogues et qui se retrouve en h\u00f4pital psychiatrique en cure de d\u00e9sintoxication. Il a du mal \u00e0 respecter ce sevrage et rechute \u00e0 plusieurs reprises. Le seul espoir auquel il se raccroche est son prochain album. Le film nous plonge dans l\u2019univers techno de Berlin (et je trouve que c\u2019est assez repr\u00e9sentatif de ce que j\u2019ai moi-m\u00eame pu voir). Bref, je recommande si vous voulez d\u00e9couvrir cette facette de l\u2019Allemagne (et surtout de Berlin), surtout qu\u2019il est dispo sur Netflix.<\/p>\n\n\n\n<ul class=\"wp-block-list\"><li><em>Kirschbl\u00fcten \u2013 Hanami (Cherry Blossoms, un r\u00eave japonais)<\/em>, Doris D\u00f6rrie, 2008<\/li><\/ul>\n\n\n\n<p>Cette fiction relate l\u2019histoire de Rudi, atteint d\u2019un cancer en phase terminale sans le savoir, et sa femme Trudi, qui lui cache l\u2019existence de sa maladie. Sentant que le temps presse, elle el convainc de voir ses enfants \u00e0 Berlin mais ceux-ci sont trop occup\u00e9s pour prendre soin d\u2019eux. Alors qu\u2019ils se rendent \u00e0 la mer baltique, Trudi meurt soudainement, laissant Rudi seul et d\u00e9sempar\u00e9. Il finit alors par s\u2019int\u00e9resser \u00e0 la passion de sa femme pour la culture japonaise et la \u00ab&nbsp;danse des t\u00e9n\u00e8bres&nbsp;\u00bb et cherche \u00e0 se reconnecter avec son esprit en se rendant au Japon. Une tr\u00e8s belle histoire, tr\u00e8s po\u00e9tique.<\/p>\n\n\n\n<ul class=\"wp-block-list\"><li><em>Kriegerin (Guerri\u00e8re),<\/em> David Wnendt, 2011<\/li><\/ul>\n\n\n\n<p>Ce film repr\u00e9sente la sc\u00e8ne n\u00e9onazie allemande, soulignant les fractures entre l\u2019Allemagne de l\u2019Est et de l\u2019Ouest. Dans ces foyers n\u00e9onazis que sont Chemnitz ou Jena, il y a un fort taux de ch\u00f4mage et une grande pr\u00e9carit\u00e9. Cela m\u00e8ne donc beaucoup d\u2019habitants \u00e0 se laisser s\u00e9duire par la doctrine n\u00e9onazie. Ici, le film se concentre sur Marisa, n\u00e9onazie, qui se retrouve nez \u00e0 nez avec un migrant. On voit des sc\u00e8nes de haine (x\u00e9nophobie, antis\u00e9mitisme, etc.) tr\u00e8s violente, et on plonge dans ce monde machiste, qui attire une nouvelle recrue, Svenja, qui ira plus loin encore dans la doctrine pour se faire accepter dans sa nouvelle communaut\u00e9.&nbsp;<\/p>\n\n\n\n<ul class=\"wp-block-list\"><li><em>Vor den Morgenr\u00f6te (Stefan Zweig, adieu l\u2019Europe),<\/em> Maria Schrader, 2016<\/li><\/ul>\n\n\n\n<p>Un film biographique sur les derni\u00e8res ann\u00e9es de la vie de Stefan Zweig, une fois qu\u2019il a fui l\u2019Allemagne nazie. Il se r\u00e9fugie au Br\u00e9sil, \u00e0 Rio, o\u00f9 il est accueilli et c\u00e9l\u00e9br\u00e9 par la haute soci\u00e9t\u00e9. Il va \u00e9galement \u00e9pouser sa secr\u00e9taire, Lotte, \u00e0 Londres, apr\u00e8s avoir divorc\u00e9 avec sa premi\u00e8re femme, et elle l\u2019accompagne \u00e0 Rio.<\/p>\n\n\n\n<ul class=\"wp-block-list\"><li><em>3 Tage in Quiberon,<\/em> Emily Atef, 2018<\/li><\/ul>\n\n\n\n<p>Le film relate une c\u00e9l\u00e8bre interview (qui a vraiment eu lieu) de Romy Schneider \u00e0 Quiberon en 1981. Elle y est en cure car fatigu\u00e9e, notamment par sa c\u00e9l\u00e9brit\u00e9 et les d\u00e9sordres de sa vie personnelle. Des beaux plans qui soulignent la fragilit\u00e9 psychologique et \u00e9motionnelle du personnage.<\/p>\n\n\n\n<h4 class=\"wp-block-heading\"><strong><em>Drame\/Histoire<\/em><\/strong><\/h4>\n\n\n\n<ul class=\"wp-block-list\"><li><em>Der Untergang (La Chute)<\/em>, Oliver Hirschbiegel, 2004<\/li><\/ul>\n\n\n\n<p>Un film allemand assez connu qui relate les derni\u00e8res heures du IIIe Reich. On y voit un Hitler anxieux, et on a presque piti\u00e9 pour lui (ce qui a \u00e9t\u00e9 d\u2019ailleurs reproch\u00e9 au film) mais cela reste une grande r\u00e9ussite. Personnellement, j\u2019ai retenu mon souffle tout le long. Et le film a quand m\u00eame \u00e9t\u00e9 nomin\u00e9 aux Oscars pour le meilleur film \u00e9tranger.<\/p>\n\n\n\n<ul class=\"wp-block-list\"><li><em>Sophie Scholl \u2013 Die letzten Tagen<\/em>, Marc Rothemund, 2005<\/li><\/ul>\n\n\n\n<p>Un film qui relate assez bien l\u2019histoire de Sophie Scholl et de ses amis de la Rose Blanche, un mouvement de r\u00e9sistance \u00e9tudiant pacifiste \u00e0 Munich contre le r\u00e9gime nazi. Leur destin est tragique mais c\u00e9l\u00e8bre en Allemagne (un peu normal, ils font partie des rares h\u00e9ros de cette p\u00e9riode).<\/p>\n\n\n\n<ul class=\"wp-block-list\"><li><em>Im Labyrinth des Schweigens<\/em>, Giulio Ricciarelli, 2014<\/li><\/ul>\n\n\n\n<p>Un film qui retrace le combat d\u2019un jeune procureur dans les ann\u00e9es 1950, cherchant \u00e0 ressortir les archives sur les nazis et \u00e0 relancer les proc\u00e8s contre les anciens officiers SS qui ont repris une vie normale au sein de la RFA. Au-del\u00e0 de l\u2019aspect historique, ce film montre bien le creux g\u00e9n\u00e9rationnel dans la m\u00e9moire du nazisme et de la Seconde Guerre mondiale&nbsp;: les jeunes g\u00e9n\u00e9rations d\u00e9couvrent que les criminels de la guerre n\u2019ont pas n\u00e9cessairement \u00e9t\u00e9 jug\u00e9s et que la justice n\u2019a pas \u00e9t\u00e9 rendue, et ils reprochent \u00e0 leurs a\u00een\u00e9s d\u2019essayer d\u2019enterrer ce pass\u00e9.<\/p>\n\n\n\n<ul class=\"wp-block-list\"><li><em>Das schweigende Klassenzimmer,<\/em> Lars Kraume, 2018<\/li><\/ul>\n\n\n\n<p>Ce film retrace l\u2019histoire d\u2019un r\u00e9el \u00e9pisode de la RDA&nbsp;: en 1956, une classe de lyc\u00e9ens d\u00e9cident de faire une minute de silence en plein cours en hommage aux victimes de l\u2019insurrection de Budapest, qui avait \u00e9t\u00e9 durement r\u00e9prim\u00e9e par l\u2019URSS. Ce simple non-geste se transforme en une affaire d\u2019Etat, o\u00f9 le gouvernement cherche \u00e0 identifier les initiateurs de cette d\u00e9marche. Un bon exemple des types de contestations qui ont eu lieu en RDA\/dans le monde communiste.<\/p>\n\n\n\n<h3 class=\"wp-block-heading\">Par r\u00e9alisateurs<\/h3>\n\n\n\n<p>Je fais des rubriques sp\u00e9ciales pour deux r\u00e9alisateurs qui ont fait beaucoup de films tr\u00e8s connus ou prim\u00e9s en Allemagne. Je n\u2019ai pas mis tous leurs films mais ceux qui ont le plus d\u2019int\u00e9r\u00eat selon moi.<\/p>\n\n\n\n<h4 class=\"wp-block-heading\"><strong><em>Christian Petzold<\/em><\/strong><\/h4>\n\n\n\n<ul class=\"wp-block-list\"><li><em>Yella<\/em>, 2007<\/li><\/ul>\n\n\n\n<p>Un tr\u00e8s bon thriller r\u00e9compens\u00e9 \u00e0 la 57<sup>e<\/sup> Berlinale&nbsp;: une jeune femme se s\u00e9pare de son mari et souhaite d\u00e9m\u00e9nager pour commencer une nouvelle vie \u00e0 Hanovre. Malheureusement, son ex-mari ne voit pas les choses de la m\u00eame mani\u00e8re et fait tout pour l\u2019emp\u00eacher de partir, jusqu\u2019\u00e0 cr\u00e9er un accident de voiture. Tous deux survivent mais Yella s\u2019enfuit pour prendre son train vers Hanovre. L\u00e0-bas, elle rencontre un homme d\u2019affaire douteux qui l\u2019entra\u00eene dans des affaires de chantage d\u2019argent. La chute du film est clairement inattendue.<\/p>\n\n\n\n<ul class=\"wp-block-list\"><li><em>Jerichow,<\/em> 2008<\/li><\/ul>\n\n\n\n<p>C\u2019est un film qui tourne autour d\u2019un triangle amoureux&nbsp;: un soldat allemand est renvoy\u00e9 de l\u2019arm\u00e9e alors qu\u2019il \u00e9tait engag\u00e9 en Afghanistan. Il d\u00e9cide de r\u00e9nover la maison de sa m\u00e8re, tout juste d\u00e9c\u00e9d\u00e9e, et retourne \u00e0 Jerichow. L\u00e0-bas, il travaille pour un entrepreneur turc, Ali, et commence \u00e0 se rapprocher de sa femme, Laura. Un autre r\u00e9cit sur l\u2019Allemagne de l\u2019Est.<\/p>\n\n\n\n<ul class=\"wp-block-list\"><li><em>Barbara,<\/em> 2012<\/li><\/ul>\n\n\n\n<p>Un film qui a re\u00e7u l\u2019ours d\u2019argent \u00e0 la Berlinale 2012, et qui refl\u00e8te bien le style cin\u00e9matographique de Petzold. Nous sommes en RDA, une chirurgienne-p\u00e9diatre est mut\u00e9e dans une clinique de province car elle est suspect\u00e9e de vouloir s\u2019enfuir en RFA. Elle est confront\u00e9e \u00e0 un monde qu\u2019elle ne conna\u00eet pas et doit choisir entre son envie de libert\u00e9 et son d\u00e9sir de rester aupr\u00e8s de ses patients et de l\u2019\u00e9quipe de m\u00e9decins \u00e0 laquelle elle s\u2019attache.<\/p>\n\n\n\n<ul class=\"wp-block-list\"><li><em>Transit,<\/em> 2018<\/li><\/ul>\n\n\n\n<p>Originellement un drame historique, ce film ne respecte pas les codes habituels du genre puisqu\u2019il repr\u00e9sente la p\u00e9riode des ann\u00e9es 1940 \u00e0 Marseille sous un jour assez contemporain, avec des anachronismes d\u00e9lib\u00e9r\u00e9s. La volont\u00e9 du r\u00e9alisateur ici est de faire un parall\u00e8le entre les r\u00e9fugi\u00e9s de l\u2019\u00e9poque, qui fuyaient les r\u00e9gimes fascistes, et ceux d\u2019aujourd\u2019hui. Tout cela sc\u00e9naris\u00e9 autour d\u2019une intrigue amoureuse, comme d\u2019habitude chez Petzold.<\/p>\n\n\n\n<h4 class=\"wp-block-heading\"><strong><em>Fatih Akin<\/em><\/strong><\/h4>\n\n\n\n<ul class=\"wp-block-list\"><li><em>Im Juli<\/em>, 2000<\/li><\/ul>\n\n\n\n<p>Comme la plupart des films de Fatih Akin, l\u2019histoire tourne autour de l\u2019immigration, le voyage et l\u2019amour. Daniel, jeune professeur, ach\u00e8te une bague en forme de soleil \u00e0 la vendeuse Juli, qui lui promet qu\u2019il rencontrera l\u2019amour de sa vie le m\u00eame jour s\u2019il la porte. Juli l\u2019invite par ailleurs \u00e0 une soir\u00e9e afin de le s\u00e9duire, mais il pense tomber amoureux d\u2019une jeune turque, Melek, qui repart pour Istanbul. Daniel d\u00e9cide de la suivre&nbsp;; Juli, d\u00e9\u00e7ue, d\u00e9cide de partir en stop l\u00e0 o\u00f9 la premi\u00e8re personne qui s\u2019arr\u00eatera ira. Le hasard fait que c\u2019est Daniel qui la prend en stop, et ainsi d\u00e9marre leur p\u00e9riple en Europe.<\/p>\n\n\n\n<ul class=\"wp-block-list\"><li><em>Solino<\/em>, 2002<\/li><\/ul>\n\n\n\n<p>Une famille italienne d\u00e9cide de s\u2019installer en Allemagne pour trouver du travail dans les ann\u00e9es 1970. Comme le p\u00e8re ne veut pas se salir les mains dans l\u2019industrie mini\u00e8re et qu\u2019il s\u2019av\u00e8re qu\u2019un local en-dessous de chez eux est \u00e0 louer, ils d\u00e9cident d\u2019ouvrir une pizzeria, la premi\u00e8re d\u2019Allemagne. On y voit donc la famille \u00e9voluer, et les enfants tenter de r\u00e9aliser leurs r\u00eaves m\u00eame si leurs origines \u00e9trang\u00e8res semblent leur mettre des b\u00e2tons dans les roues.<\/p>\n\n\n\n<ul class=\"wp-block-list\"><li><em>Auf der anderen Seite<\/em>, 2007<\/li><\/ul>\n\n\n\n<p>Tr\u00e8s beau film qui a \u00e9t\u00e9 r\u00e9compens\u00e9 \u00e0 Cannes en 2007 pour le meilleur sc\u00e9nario. On assiste \u00e0 une histoire parall\u00e8le entre deux protagonistes. Nejat, dont le p\u00e8re a commis un homicide involontaire envers sa compagne du moment, une prostitu\u00e9e d\u2019origine kurde qui s\u2019appelle Yeter, souhaite expier la faute de son p\u00e8re en rapportant la nouvelle \u00e0 la fille de Yeter, Ayten. Il pense que celle-ci se trouve \u00e0 Istanbul et part \u00e0 sa recherche. Parall\u00e8lement, on assiste au destin d\u2019Ayten, qui est forc\u00e9e de quitter clandestinement son pays pour l\u2019Allemagne car elle est une opposante au r\u00e9gime turc actuel.<\/p>\n\n\n\n<ul class=\"wp-block-list\"><li><em>Aus dem nichts (In the Fade)<\/em>, 2017<\/li><\/ul>\n\n\n\n<p>Ce film aussi a re\u00e7u une r\u00e9compense \u00e0 Cannes en 2017 pour le prix de l\u2019interpr\u00e9tation (Diane Kruger, une actrice vraiment g\u00e9nialissime \u2013 au passage son premier film dans sa langue maternelle). C\u2019est l\u2019histoire de Katja, dont le fils et le mari sont tu\u00e9s dans un attentat terroriste d\u2019extr\u00eame-droite. Malgr\u00e9 l\u2019enqu\u00eate polici\u00e8re, les deux terroristes n\u00e9onazis allemands sont innocent\u00e9s lors du proc\u00e8s. Katja veut mettre fin \u00e0 ses jours mais la soif de vengeance est plus forte, et elle part alors \u00e0 la poursuite des deux assassins. C\u2019est un thriller vraiment tr\u00e8s r\u00e9ussi.<\/p>\n\n\n\n<h3 class=\"wp-block-heading\"><strong>S\u00e9ries<\/strong><\/h3>\n\n\n\n<ul class=\"wp-block-list\"><li><em>Babylon Berlin<\/em>, Tom Tykwer, 2017-aujourd\u2019hui<\/li><\/ul>\n\n\n\n<p>Une s\u00e9rie inspir\u00e9e d\u2019un polar, qui se d\u00e9roule dans le Berlin des ann\u00e9es 1920 et les mondanit\u00e9s de l\u2019\u00e9poque. Il y est question des diff\u00e9rentes classes sociales, de la nightlife berlinoise (dans les bo\u00eetes de nuit de l\u2019\u00e9poque) et de conflits politiques et assassinats. On y retrouve aussi le malaise politique de la R\u00e9publique de Weimar, o\u00f9 l\u2019extr\u00eame-gauche et les sociaux-d\u00e9mocrates s\u2019affrontent et certains autres r\u00eavent d\u2019un retour du Reich. Une s\u00e9rie qui a eu un grand succ\u00e8s en Allemagne.<\/p>\n\n\n\n<ul class=\"wp-block-list\"><li><em>Dark<\/em>, Baran bo Odar, 2017-2020<\/li><\/ul>\n\n\n\n<p>Cette s\u00e9rie n\u2019est plus un myst\u00e8re pour un grand nombre de clients Netflix&nbsp;: depuis 2017, elle nous fait frissonner de peur. C\u2019est un thriller m\u00ealant enqu\u00eate polici\u00e8re et \u00e9v\u00e9nements paranormaux&nbsp;: un policier cherche d\u00e9sesp\u00e9r\u00e9ment son fils disparu, Mikkel, et fait le lien entre cet \u00e9v\u00e9nement et une disparition similaire 33 ans plus t\u00f4t, celle de son petit-fr\u00e8re Mads. La derni\u00e8re saison (3<sup>e<\/sup>) est en route et devrait sortir cet \u00e9t\u00e9 sur Netflix. Petit conseil n\u00e9anmoins&nbsp;: je recommande vivement de regarder cette s\u00e9rie en journ\u00e9e plut\u00f4t que le soir (si vous voulez dormir) et avec quelqu\u2019un \u00e0 c\u00f4t\u00e9, c\u2019est toujours plus rassurant.<\/p>\n\n\n\n<ul class=\"wp-block-list\"><li><em>Parfum<\/em>, Oliver Berben et Saeah Kirkegaard, 2018<\/li><\/ul>\n\n\n\n<p>Une s\u00e9rie polici\u00e8re bas\u00e9e sur le livre <em>Le Parfum<\/em> de S\u00fcskind, avec une flopp\u00e9e de (tr\u00e8s) bons acteurs allemands. Le sc\u00e9nario est bien ficel\u00e9&nbsp;: une femme est retrouv\u00e9e morte nue, avec des glandes odorantes excis\u00e9es de son corps, et tr\u00e8s vite les pistes m\u00e8nent vers un groupe d\u2019ami qui ont fr\u00e9quent\u00e9 le m\u00eame internat et qui semblent avoir beaucoup de choses \u00e0 cacher. C\u2019est seulement six \u00e9pisodes et c\u2019est sur&nbsp;Netflix.<\/p>\n\n\n\n<ul class=\"wp-block-list\"><li><em>Criminal: Deutschland<\/em>, Oliver Hirschbiegel, 2019<\/li><\/ul>\n\n\n\n<p>Criminal est une s\u00e9rie qui pr\u00e9sente douze affaires criminelles en France, Grande-Bretagne, Espagne et Allemagne. Pour chaque pays, il y a trois \u00e9pisodes, soit trois affaires diff\u00e9rentes. Tout repose sur l\u2019\u00e9change entre l\u2019interrog\u00e9 et l\u2019officier de police, le conflit mental et psychologique entre les deux personnages&nbsp;; l\u2019un doit cacher la v\u00e9rit\u00e9, l\u2019autre essayer de la d\u00e9couvrir au moyen de preuves ou de suggestions. Je n\u2019ai vu que la version allemande mais je pense que les autres sont aussi super (et c\u2019est disponible sur Netflix).<\/p>\n\n\n\n<ul class=\"wp-block-list\"><li><em>Unorthodox<\/em>, Anna Winger et Alexa Karolinski, 2020<\/li><\/ul>\n\n\n\n<p>Une vraie petite p\u00e9pite de quatre \u00e9pisodes qui s\u2019inspire en partie de l\u2019histoire de Deborah Feldman. Une jeune femme de la communaut\u00e9 juive hassidique de New York City s\u2019enfuit \u00e0 Berlin pour y commencer une nouvelle vie. L\u00e0-bas, elle y d\u00e9couvre des nouvelles m\u0153urs, et bien qu\u2019elle prenne du temps \u00e0 s\u2019y adapter, elle embrasse cette vie de libert\u00e9s. Malheureusement, la communaut\u00e9 d\u2019o\u00f9 elle vient ne l\u2019entend pas ainsi et deux hommes dont son mari se lancent \u00e0 sa poursuite. La s\u00e9rie montre vraiment bien les diff\u00e9rentes facettes que peut rev\u00eatir Berlin, et on y ressent bien l\u2019esprit de libert\u00e9 (que j\u2019ai personnellement v\u00e9cu) dans ces espaces grands et a\u00e9r\u00e9s. Certains acteurs sont allemands, mais les langues parl\u00e9es sont majoritairement le yiddish (tr\u00e8s proche de l\u2019Allemand) et l\u2019anglais.<\/p>\n","protected":false},"excerpt":{"rendered":"<p>Eh oui, je suis nostalgique de Berlin. Pour ne pas oublier cette ville durant laquelle j&#8217;ai v\u00e9cu une ann\u00e9e intense et m\u00e9morable, j&#8217;aime y retourner \u00e0 travers les films et s\u00e9ries. Je vous propose donc ici une liste non-exhaustive de films allemands ou portant sur la th\u00e9matique de l&#8217;Allemagne.<\/p>\n","protected":false},"author":1,"featured_media":931,"comment_status":"open","ping_status":"open","sticky":false,"template":"","format":"standard","meta":{"footnotes":""},"categories":[98],"tags":[97],"class_list":["post-930","post","type-post","status-publish","format-standard","has-post-thumbnail","hentry","category-films","tag-films"],"acf":[],"_links":{"self":[{"href":"https:\/\/allespalettiinberlin.fr\/index.php?rest_route=\/wp\/v2\/posts\/930","targetHints":{"allow":["GET"]}}],"collection":[{"href":"https:\/\/allespalettiinberlin.fr\/index.php?rest_route=\/wp\/v2\/posts"}],"about":[{"href":"https:\/\/allespalettiinberlin.fr\/index.php?rest_route=\/wp\/v2\/types\/post"}],"author":[{"embeddable":true,"href":"https:\/\/allespalettiinberlin.fr\/index.php?rest_route=\/wp\/v2\/users\/1"}],"replies":[{"embeddable":true,"href":"https:\/\/allespalettiinberlin.fr\/index.php?rest_route=%2Fwp%2Fv2%2Fcomments&post=930"}],"version-history":[{"count":5,"href":"https:\/\/allespalettiinberlin.fr\/index.php?rest_route=\/wp\/v2\/posts\/930\/revisions"}],"predecessor-version":[{"id":944,"href":"https:\/\/allespalettiinberlin.fr\/index.php?rest_route=\/wp\/v2\/posts\/930\/revisions\/944"}],"wp:featuredmedia":[{"embeddable":true,"href":"https:\/\/allespalettiinberlin.fr\/index.php?rest_route=\/wp\/v2\/media\/931"}],"wp:attachment":[{"href":"https:\/\/allespalettiinberlin.fr\/index.php?rest_route=%2Fwp%2Fv2%2Fmedia&parent=930"}],"wp:term":[{"taxonomy":"category","embeddable":true,"href":"https:\/\/allespalettiinberlin.fr\/index.php?rest_route=%2Fwp%2Fv2%2Fcategories&post=930"},{"taxonomy":"post_tag","embeddable":true,"href":"https:\/\/allespalettiinberlin.fr\/index.php?rest_route=%2Fwp%2Fv2%2Ftags&post=930"}],"curies":[{"name":"wp","href":"https:\/\/api.w.org\/{rel}","templated":true}]}}